{"id":4705,"date":"2022-08-03T11:16:10","date_gmt":"2022-08-03T09:16:10","guid":{"rendered":"https:\/\/www.pfarresanktnikolaus.at\/wp\/?p=4705"},"modified":"2022-08-15T18:46:45","modified_gmt":"2022-08-15T16:46:45","slug":"klimaoase-die-sommerfrische-im-pfarrgarten","status":"publish","type":"post","link":"https:\/\/www.pfarresanktnikolaus.at\/wp\/?p=4705","title":{"rendered":"Die Klimaoase &#8211; oder Sommerfrische im Pfarrgarten"},"content":{"rendered":"\n<p class=\"wp-block-paragraph\">Wir leben in krisenhaften Zeiten. Kaum scheint die Corona-Krise abzuflauen, h\u00e4lt der Ukraine-Krieg die Welt in Atem, dabei arbeiten wir doch gerade daran, die Klimakrise in den Griff zu bekommen &#8230;<\/p>\n\n\n\n<p class=\"wp-block-paragraph\">Wir Menschen brauchen einander! Am 11. August stellten wir deshalb unseren k\u00fchlenden und erfrischenden Pfarrgarten zur Verf\u00fcgung und gaben die M\u00f6glichkeit, sich besser kennenzulernen, miteinander Zeit und sch\u00f6ne Momente zu verbringen. Auch Spiele gab es und f\u00fcr das leibliche Wohl war vorgesorgt. Die Besucher*innen labten sich mit H\u00fchnersuppe, Brathendl, Erbsenreis, Wurstsemmeln, kleinen Snacks, Mehlspeisen und erfrischenden Getr\u00e4nken. <br>Unterschiedlichste soziale Gruppen begegneten sich, es wurde gezeichnet, Tischt\u00fccher bemalt, Spiele gespielt und mit ukrainischen G\u00e4sten ihr Heimatort auf der Landkarte erkundet. Brigitte Knell, die diesen Nachmittag initiierte, hatte alles fest im Griff. Bravo!<\/p>\n\n\n\n<p class=\"wp-block-paragraph\">Die Premiere der Klimaoase in St. Nikolaus war also gegl\u00fcckt. Es bleibt die Erinnerung an einen fr\u00f6hlichen Nachmittag mit wunderbaren G\u00e4sten!<\/p>\n\n\n\n<p class=\"wp-block-paragraph\"><\/p>\n\n\n\n<p class=\"wp-block-paragraph\"><strong>Unterschiedliche soziale Gruppen begegneten sich im Pfarrgarten:<\/strong><\/p>\n\n\n\n<ul class=\"wp-block-list\"><li>Menschen aus dem Pfarrgebiet, die sich abk\u00fchlen und plaudern wollen<\/li><li>Fl\u00fcchtende Menschen<\/li><li>Menschen, die in aufgeheizten Wohnungen leben und sich bei einer Limonade abk\u00fchlen wollen, unabh\u00e4ngig von Herkunft, Religion oder Notsituation<\/li><li>Obdachlose Menschen bzw. Menschen in gro\u00dfer finanzieller Not<\/li><li>Dar\u00fcber hinaus Menschen, die z.B. der Einsamkeit entfliehen wollen, die das Verpflegungsangebot nutzen wollen oder einfach nur das Gespr\u00e4ch suchen<\/li><\/ul>\n\n\n\n<p class=\"wp-block-paragraph\"><\/p>\n\n\n\n<p class=\"wp-block-paragraph\">Siehe auch unter: <a rel=\"noreferrer noopener\" href=\"https:\/\/www.caritas-wien.at\/hilfe-angebote\/zusammenleben\/pfarrcaritas-und-naechstenhilfe\/aktiv-in-den-pfarren\/klimaoase\" data-type=\"URL\" data-id=\"https:\/\/www.caritas-wien.at\/hilfe-angebote\/zusammenleben\/pfarrcaritas-und-naechstenhilfe\/aktiv-in-den-pfarren\/klimaoase\" target=\"_blank\">https:\/\/www.caritas-wien.at<\/a><\/p>\n\n\n\n<p class=\"wp-block-paragraph\"><strong>Der Pfarrgarten ist bereit f\u00fcr seine G\u00e4ste:<\/strong><\/p>\n\n\n\n<figure class=\"wp-block-gallery has-nested-images columns-default is-cropped wp-block-gallery-1 is-layout-flex wp-block-gallery-is-layout-flex\">\n<figure class=\"wp-block-image size-large is-style-default\"><img loading=\"lazy\" decoding=\"async\" width=\"1512\" height=\"2016\" data-id=\"4703\" src=\"https:\/\/www.pfarresanktnikolaus.at\/wp\/wp-content\/uploads\/2022\/08\/PITC9068.jpg\" alt=\"Klimaoase \u00a9 Brigitte Knell\" class=\"wp-image-4703\" srcset=\"https:\/\/www.pfarresanktnikolaus.at\/wp\/wp-content\/uploads\/2022\/08\/PITC9068.jpg 1512w, https:\/\/www.pfarresanktnikolaus.at\/wp\/wp-content\/uploads\/2022\/08\/PITC9068-225x300.jpg 225w, https:\/\/www.pfarresanktnikolaus.at\/wp\/wp-content\/uploads\/2022\/08\/PITC9068-768x1024.jpg 768w, https:\/\/www.pfarresanktnikolaus.at\/wp\/wp-content\/uploads\/2022\/08\/PITC9068-1152x1536.jpg 1152w\" sizes=\"auto, (max-width: 1512px) 100vw, 1512px\" \/><\/figure>\n\n\n\n<figure class=\"wp-block-image size-large is-style-default\"><img loading=\"lazy\" decoding=\"async\" width=\"1357\" height=\"2048\" data-id=\"4702\" src=\"https:\/\/www.pfarresanktnikolaus.at\/wp\/wp-content\/uploads\/2022\/08\/IMG_E4659.jpg\" alt=\"Klimaoase \u00a9 Brigitte Knell\" class=\"wp-image-4702\" srcset=\"https:\/\/www.pfarresanktnikolaus.at\/wp\/wp-content\/uploads\/2022\/08\/IMG_E4659.jpg 1357w, https:\/\/www.pfarresanktnikolaus.at\/wp\/wp-content\/uploads\/2022\/08\/IMG_E4659-199x300.jpg 199w, https:\/\/www.pfarresanktnikolaus.at\/wp\/wp-content\/uploads\/2022\/08\/IMG_E4659-679x1024.jpg 679w, https:\/\/www.pfarresanktnikolaus.at\/wp\/wp-content\/uploads\/2022\/08\/IMG_E4659-768x1159.jpg 768w, https:\/\/www.pfarresanktnikolaus.at\/wp\/wp-content\/uploads\/2022\/08\/IMG_E4659-1018x1536.jpg 1018w\" sizes=\"auto, (max-width: 1357px) 100vw, 1357px\" \/><\/figure>\n\n\n\n<figure class=\"wp-block-image size-large is-style-default\"><img loading=\"lazy\" decoding=\"async\" width=\"740\" height=\"960\" data-id=\"4704\" src=\"https:\/\/www.pfarresanktnikolaus.at\/wp\/wp-content\/uploads\/2022\/08\/IMG_E4904.jpg\" alt=\"Klimaoase \u00a9 Pedro Widler\" class=\"wp-image-4704\" srcset=\"https:\/\/www.pfarresanktnikolaus.at\/wp\/wp-content\/uploads\/2022\/08\/IMG_E4904.jpg 740w, https:\/\/www.pfarresanktnikolaus.at\/wp\/wp-content\/uploads\/2022\/08\/IMG_E4904-231x300.jpg 231w\" sizes=\"auto, (max-width: 740px) 100vw, 740px\" \/><figcaption> <\/figcaption><\/figure>\n<\/figure>\n\n\n\n<figure class=\"wp-block-gallery has-nested-images columns-default is-cropped wp-block-gallery-2 is-layout-flex wp-block-gallery-is-layout-flex\">\n<figure class=\"wp-block-image size-large is-style-default\"><img loading=\"lazy\" decoding=\"async\" width=\"1448\" height=\"1448\" data-id=\"4721\" src=\"https:\/\/www.pfarresanktnikolaus.at\/wp\/wp-content\/uploads\/2022\/08\/WBLH7172.jpg\" alt=\"Klimaoase \u00a9 Brigitte Knell\" class=\"wp-image-4721\" srcset=\"https:\/\/www.pfarresanktnikolaus.at\/wp\/wp-content\/uploads\/2022\/08\/WBLH7172.jpg 1448w, https:\/\/www.pfarresanktnikolaus.at\/wp\/wp-content\/uploads\/2022\/08\/WBLH7172-300x300.jpg 300w, https:\/\/www.pfarresanktnikolaus.at\/wp\/wp-content\/uploads\/2022\/08\/WBLH7172-1024x1024.jpg 1024w, https:\/\/www.pfarresanktnikolaus.at\/wp\/wp-content\/uploads\/2022\/08\/WBLH7172-150x150.jpg 150w, https:\/\/www.pfarresanktnikolaus.at\/wp\/wp-content\/uploads\/2022\/08\/WBLH7172-768x768.jpg 768w\" sizes=\"auto, (max-width: 1448px) 100vw, 1448px\" \/><\/figure>\n\n\n\n<figure class=\"wp-block-image size-large is-style-default\"><img loading=\"lazy\" decoding=\"async\" width=\"2048\" height=\"2048\" data-id=\"4725\" src=\"https:\/\/www.pfarresanktnikolaus.at\/wp\/wp-content\/uploads\/2022\/08\/IMG_5255.jpg\" alt=\"Klimaoase \u00a9 Brigitte Knell\" class=\"wp-image-4725\" srcset=\"https:\/\/www.pfarresanktnikolaus.at\/wp\/wp-content\/uploads\/2022\/08\/IMG_5255.jpg 2048w, https:\/\/www.pfarresanktnikolaus.at\/wp\/wp-content\/uploads\/2022\/08\/IMG_5255-300x300.jpg 300w, https:\/\/www.pfarresanktnikolaus.at\/wp\/wp-content\/uploads\/2022\/08\/IMG_5255-1024x1024.jpg 1024w, https:\/\/www.pfarresanktnikolaus.at\/wp\/wp-content\/uploads\/2022\/08\/IMG_5255-150x150.jpg 150w, https:\/\/www.pfarresanktnikolaus.at\/wp\/wp-content\/uploads\/2022\/08\/IMG_5255-768x768.jpg 768w, https:\/\/www.pfarresanktnikolaus.at\/wp\/wp-content\/uploads\/2022\/08\/IMG_5255-1536x1536.jpg 1536w\" sizes=\"auto, (max-width: 2048px) 100vw, 2048px\" \/><\/figure>\n<\/figure>\n\n\n\n<figure class=\"wp-block-gallery has-nested-images columns-default is-cropped wp-block-gallery-3 is-layout-flex wp-block-gallery-is-layout-flex\">\n<figure class=\"wp-block-image size-large is-style-default\"><img loading=\"lazy\" decoding=\"async\" width=\"2560\" height=\"1934\" data-id=\"4730\" src=\"https:\/\/www.pfarresanktnikolaus.at\/wp\/wp-content\/uploads\/2022\/08\/IMG_5217-bearb-scaled.jpg\" alt=\"Klimaoase \u00a9 Nina Chalupsky\" class=\"wp-image-4730\" srcset=\"https:\/\/www.pfarresanktnikolaus.at\/wp\/wp-content\/uploads\/2022\/08\/IMG_5217-bearb-scaled.jpg 2560w, https:\/\/www.pfarresanktnikolaus.at\/wp\/wp-content\/uploads\/2022\/08\/IMG_5217-bearb-300x227.jpg 300w, https:\/\/www.pfarresanktnikolaus.at\/wp\/wp-content\/uploads\/2022\/08\/IMG_5217-bearb-1024x773.jpg 1024w, https:\/\/www.pfarresanktnikolaus.at\/wp\/wp-content\/uploads\/2022\/08\/IMG_5217-bearb-768x580.jpg 768w, https:\/\/www.pfarresanktnikolaus.at\/wp\/wp-content\/uploads\/2022\/08\/IMG_5217-bearb-1536x1160.jpg 1536w, https:\/\/www.pfarresanktnikolaus.at\/wp\/wp-content\/uploads\/2022\/08\/IMG_5217-bearb-2048x1547.jpg 2048w\" sizes=\"auto, (max-width: 2560px) 100vw, 2560px\" \/><\/figure>\n\n\n\n<figure class=\"wp-block-image size-large is-style-default\"><img loading=\"lazy\" decoding=\"async\" width=\"2560\" height=\"1920\" data-id=\"4729\" src=\"https:\/\/www.pfarresanktnikolaus.at\/wp\/wp-content\/uploads\/2022\/08\/IMG_E5221-scaled.jpg\" alt=\"Klimaoase \u00a9 Nina Chalupsky\" class=\"wp-image-4729\" srcset=\"https:\/\/www.pfarresanktnikolaus.at\/wp\/wp-content\/uploads\/2022\/08\/IMG_E5221-scaled.jpg 2560w, https:\/\/www.pfarresanktnikolaus.at\/wp\/wp-content\/uploads\/2022\/08\/IMG_E5221-300x225.jpg 300w, https:\/\/www.pfarresanktnikolaus.at\/wp\/wp-content\/uploads\/2022\/08\/IMG_E5221-1024x768.jpg 1024w, https:\/\/www.pfarresanktnikolaus.at\/wp\/wp-content\/uploads\/2022\/08\/IMG_E5221-768x576.jpg 768w, https:\/\/www.pfarresanktnikolaus.at\/wp\/wp-content\/uploads\/2022\/08\/IMG_E5221-1536x1152.jpg 1536w, https:\/\/www.pfarresanktnikolaus.at\/wp\/wp-content\/uploads\/2022\/08\/IMG_E5221-2048x1536.jpg 2048w\" sizes=\"auto, (max-width: 2560px) 100vw, 2560px\" \/><\/figure>\n\n\n\n<figure class=\"wp-block-image size-large is-style-default\"><img loading=\"lazy\" decoding=\"async\" width=\"2560\" height=\"1920\" data-id=\"4726\" src=\"https:\/\/www.pfarresanktnikolaus.at\/wp\/wp-content\/uploads\/2022\/08\/IMG_E5212-scaled.jpg\" alt=\"Klimaoase \u00a9 Nina Chalupsky\" class=\"wp-image-4726\" srcset=\"https:\/\/www.pfarresanktnikolaus.at\/wp\/wp-content\/uploads\/2022\/08\/IMG_E5212-scaled.jpg 2560w, https:\/\/www.pfarresanktnikolaus.at\/wp\/wp-content\/uploads\/2022\/08\/IMG_E5212-300x225.jpg 300w, https:\/\/www.pfarresanktnikolaus.at\/wp\/wp-content\/uploads\/2022\/08\/IMG_E5212-1024x768.jpg 1024w, https:\/\/www.pfarresanktnikolaus.at\/wp\/wp-content\/uploads\/2022\/08\/IMG_E5212-768x576.jpg 768w, https:\/\/www.pfarresanktnikolaus.at\/wp\/wp-content\/uploads\/2022\/08\/IMG_E5212-1536x1152.jpg 1536w, https:\/\/www.pfarresanktnikolaus.at\/wp\/wp-content\/uploads\/2022\/08\/IMG_E5212-2048x1536.jpg 2048w\" sizes=\"auto, (max-width: 2560px) 100vw, 2560px\" \/><\/figure>\n\n\n\n<figure class=\"wp-block-image size-large is-style-default\"><img loading=\"lazy\" decoding=\"async\" width=\"2560\" height=\"1920\" data-id=\"4728\" src=\"https:\/\/www.pfarresanktnikolaus.at\/wp\/wp-content\/uploads\/2022\/08\/IMG_5225-scaled.jpg\" alt=\"Klimaoase \u00a9 Nina Chalupsky\" class=\"wp-image-4728\" srcset=\"https:\/\/www.pfarresanktnikolaus.at\/wp\/wp-content\/uploads\/2022\/08\/IMG_5225-scaled.jpg 2560w, https:\/\/www.pfarresanktnikolaus.at\/wp\/wp-content\/uploads\/2022\/08\/IMG_5225-300x225.jpg 300w, https:\/\/www.pfarresanktnikolaus.at\/wp\/wp-content\/uploads\/2022\/08\/IMG_5225-1024x768.jpg 1024w, https:\/\/www.pfarresanktnikolaus.at\/wp\/wp-content\/uploads\/2022\/08\/IMG_5225-768x576.jpg 768w, https:\/\/www.pfarresanktnikolaus.at\/wp\/wp-content\/uploads\/2022\/08\/IMG_5225-1536x1152.jpg 1536w, https:\/\/www.pfarresanktnikolaus.at\/wp\/wp-content\/uploads\/2022\/08\/IMG_5225-2048x1536.jpg 2048w\" sizes=\"auto, (max-width: 2560px) 100vw, 2560px\" \/><\/figure>\n\n\n\n<figure class=\"wp-block-image size-large is-style-default\"><img loading=\"lazy\" decoding=\"async\" width=\"2560\" height=\"1920\" data-id=\"4727\" src=\"https:\/\/www.pfarresanktnikolaus.at\/wp\/wp-content\/uploads\/2022\/08\/IMG_5224-scaled.jpg\" alt=\"Klimaoase \u00a9 Nina Chalupsky\" class=\"wp-image-4727\" srcset=\"https:\/\/www.pfarresanktnikolaus.at\/wp\/wp-content\/uploads\/2022\/08\/IMG_5224-scaled.jpg 2560w, https:\/\/www.pfarresanktnikolaus.at\/wp\/wp-content\/uploads\/2022\/08\/IMG_5224-300x225.jpg 300w, https:\/\/www.pfarresanktnikolaus.at\/wp\/wp-content\/uploads\/2022\/08\/IMG_5224-1024x768.jpg 1024w, https:\/\/www.pfarresanktnikolaus.at\/wp\/wp-content\/uploads\/2022\/08\/IMG_5224-768x576.jpg 768w, https:\/\/www.pfarresanktnikolaus.at\/wp\/wp-content\/uploads\/2022\/08\/IMG_5224-1536x1152.jpg 1536w, https:\/\/www.pfarresanktnikolaus.at\/wp\/wp-content\/uploads\/2022\/08\/IMG_5224-2048x1536.jpg 2048w\" sizes=\"auto, (max-width: 2560px) 100vw, 2560px\" \/><\/figure>\n<\/figure>\n","protected":false},"excerpt":{"rendered":"<p>Wir leben in krisenhaften Zeiten. Kaum scheint die Corona-Krise abzuflauen, h\u00e4lt der Ukraine-Krieg die Welt in Atem, dabei arbeiten wir doch gerade daran, die Klimakrise in den Griff zu bekommen [&hellip;]<\/p>\n","protected":false},"author":4,"featured_media":4707,"comment_status":"open","ping_status":"open","sticky":false,"template":"","format":"standard","meta":{"inline_featured_image":false,"footnotes":""},"categories":[1],"tags":[],"class_list":["post-4705","post","type-post","status-publish","format-standard","has-post-thumbnail","hentry","category-pfarrleben"],"_links":{"self":[{"href":"https:\/\/www.pfarresanktnikolaus.at\/wp\/index.php?rest_route=\/wp\/v2\/posts\/4705","targetHints":{"allow":["GET"]}}],"collection":[{"href":"https:\/\/www.pfarresanktnikolaus.at\/wp\/index.php?rest_route=\/wp\/v2\/posts"}],"about":[{"href":"https:\/\/www.pfarresanktnikolaus.at\/wp\/index.php?rest_route=\/wp\/v2\/types\/post"}],"author":[{"embeddable":true,"href":"https:\/\/www.pfarresanktnikolaus.at\/wp\/index.php?rest_route=\/wp\/v2\/users\/4"}],"replies":[{"embeddable":true,"href":"https:\/\/www.pfarresanktnikolaus.at\/wp\/index.php?rest_route=%2Fwp%2Fv2%2Fcomments&post=4705"}],"version-history":[{"count":6,"href":"https:\/\/www.pfarresanktnikolaus.at\/wp\/index.php?rest_route=\/wp\/v2\/posts\/4705\/revisions"}],"predecessor-version":[{"id":4737,"href":"https:\/\/www.pfarresanktnikolaus.at\/wp\/index.php?rest_route=\/wp\/v2\/posts\/4705\/revisions\/4737"}],"wp:featuredmedia":[{"embeddable":true,"href":"https:\/\/www.pfarresanktnikolaus.at\/wp\/index.php?rest_route=\/wp\/v2\/media\/4707"}],"wp:attachment":[{"href":"https:\/\/www.pfarresanktnikolaus.at\/wp\/index.php?rest_route=%2Fwp%2Fv2%2Fmedia&parent=4705"}],"wp:term":[{"taxonomy":"category","embeddable":true,"href":"https:\/\/www.pfarresanktnikolaus.at\/wp\/index.php?rest_route=%2Fwp%2Fv2%2Fcategories&post=4705"},{"taxonomy":"post_tag","embeddable":true,"href":"https:\/\/www.pfarresanktnikolaus.at\/wp\/index.php?rest_route=%2Fwp%2Fv2%2Ftags&post=4705"}],"curies":[{"name":"wp","href":"https:\/\/api.w.org\/{rel}","templated":true}]}}