{"id":4684,"date":"2022-07-27T14:10:03","date_gmt":"2022-07-27T12:10:03","guid":{"rendered":"https:\/\/www.pfarresanktnikolaus.at\/wp\/?p=4684"},"modified":"2022-08-17T19:37:06","modified_gmt":"2022-08-17T17:37:06","slug":"das-plauderbankerl","status":"publish","type":"post","link":"https:\/\/www.pfarresanktnikolaus.at\/wp\/?p=4684","title":{"rendered":"Das Plauderbankerl"},"content":{"rendered":"\n<p class=\"wp-block-paragraph\">Gem\u00fctlich zu zweit auf einer Bank sitzen, einander zuh\u00f6ren, sich austauschen und mit zuversichtlichen Gedanken wieder nach Hause kehren \u2026. Wir alle sehnen uns danach, uns wieder pers\u00f6nlich zu treffen und in Kontakt zu kommen!<\/p>\n\n\n\n<p class=\"wp-block-paragraph\">Diese Initiative wurde von der Pfarre St. Nikolaus aufgenommen. Durch das Projekt \u201ePlauderbankerl\u201c soll in Zusammenarbeit mit der Caritas und den Pfarren nach dem bereits zwei Jahre andauerndem, eingeschr\u00e4nktem Kontaktverhalten zum Plaudern eingeladen werden.<br>Am Ende der V\u00f6sendorfer Stra\u00dfe beim \u201eRoten Kreuz\u201c gibt es seit Mitte Juli ein sogenanntes \u201ePlauderbankerl\u201c. Die Sitzbank ist mit einer Plakette versehen, worauf vermerkt ist, dass man auf dieser Bank besonders gerne plaudert und auch mit unbekannten Menschen ins Gespr\u00e4ch kommen m\u00f6chte. Bis Anfang September warten jeden Dienstag Abend ab 19.00 Uhr Mitarbeiter*innen der Pfarre dort auf Sie. Kommen Sie einfach mal vorbei und plaudern Sie mit uns.<\/p>\n\n\n\n<p class=\"wp-block-paragraph\"><strong>Wann?<\/strong> ab Dienstag, den 19. Juli, bis Dienstag, den 06. September 2022, w\u00f6chentlich um 19:00 Uhr<br><strong>Wo?<\/strong> Das Plauderbankerl finden Sie am Ende der V\u00f6sendorfer Stra\u00dfe beim \u201eRoten Kreuz\u201c.<br><strong>Was?<\/strong> Bigitte Knell und Mitarbeiter*innen der Pfarre St. Nikolaus freuen sich auf alle, die vorbeikommen m\u00f6chten!<\/p>\n\n\n\n<p class=\"wp-block-paragraph\">Siehe auch unter: <a href=\"https:\/\/www.caritas-wien.at\/hilfe-angebote\/zusammenleben\/pfarrcaritas-und-naechstenhilfe\/aktiv-in-den-pfarren\/aufeinander-schauen\/1\" data-type=\"URL\" data-id=\"https:\/\/www.caritas-wien.at\/hilfe-angebote\/zusammenleben\/pfarrcaritas-und-naechstenhilfe\/aktiv-in-den-pfarren\/aufeinander-schauen\/1\" target=\"_blank\" rel=\"noreferrer noopener\">https:\/\/www.caritas-wien.at<\/a><\/p>\n\n\n\n<p class=\"wp-block-paragraph\"><\/p>\n\n\n\n<figure class=\"wp-block-gallery has-nested-images columns-default is-cropped wp-block-gallery-1 is-layout-flex wp-block-gallery-is-layout-flex\">\n<figure class=\"wp-block-image size-large is-style-default\"><img loading=\"lazy\" decoding=\"async\" width=\"828\" height=\"1350\" data-id=\"4679\" src=\"https:\/\/www.pfarresanktnikolaus.at\/wp\/wp-content\/uploads\/2022\/07\/IMG_E4555.jpg\" alt=\"Plauderbankerl \u00a9 Brigitte Knell\" class=\"wp-image-4679\" srcset=\"https:\/\/www.pfarresanktnikolaus.at\/wp\/wp-content\/uploads\/2022\/07\/IMG_E4555.jpg 828w, https:\/\/www.pfarresanktnikolaus.at\/wp\/wp-content\/uploads\/2022\/07\/IMG_E4555-184x300.jpg 184w, https:\/\/www.pfarresanktnikolaus.at\/wp\/wp-content\/uploads\/2022\/07\/IMG_E4555-628x1024.jpg 628w, https:\/\/www.pfarresanktnikolaus.at\/wp\/wp-content\/uploads\/2022\/07\/IMG_E4555-768x1252.jpg 768w\" sizes=\"auto, (max-width: 828px) 100vw, 828px\" \/><\/figure>\n\n\n\n<figure class=\"wp-block-image size-large is-style-default\"><img loading=\"lazy\" decoding=\"async\" width=\"1875\" height=\"2500\" data-id=\"4680\" src=\"https:\/\/www.pfarresanktnikolaus.at\/wp\/wp-content\/uploads\/2022\/07\/IMG_4566-Plauderbankerl-creditNinaChalupsky.jpg\" alt=\"Plauderbankerl \u00a9 Nina Chalupsky\" class=\"wp-image-4680\" srcset=\"https:\/\/www.pfarresanktnikolaus.at\/wp\/wp-content\/uploads\/2022\/07\/IMG_4566-Plauderbankerl-creditNinaChalupsky.jpg 1875w, https:\/\/www.pfarresanktnikolaus.at\/wp\/wp-content\/uploads\/2022\/07\/IMG_4566-Plauderbankerl-creditNinaChalupsky-225x300.jpg 225w, https:\/\/www.pfarresanktnikolaus.at\/wp\/wp-content\/uploads\/2022\/07\/IMG_4566-Plauderbankerl-creditNinaChalupsky-768x1024.jpg 768w, https:\/\/www.pfarresanktnikolaus.at\/wp\/wp-content\/uploads\/2022\/07\/IMG_4566-Plauderbankerl-creditNinaChalupsky-1152x1536.jpg 1152w, https:\/\/www.pfarresanktnikolaus.at\/wp\/wp-content\/uploads\/2022\/07\/IMG_4566-Plauderbankerl-creditNinaChalupsky-1536x2048.jpg 1536w\" sizes=\"auto, (max-width: 1875px) 100vw, 1875px\" \/><\/figure>\n\n\n\n<figure class=\"wp-block-image size-large is-style-default\"><img loading=\"lazy\" decoding=\"async\" width=\"1875\" height=\"2500\" data-id=\"4681\" src=\"https:\/\/www.pfarresanktnikolaus.at\/wp\/wp-content\/uploads\/2022\/07\/IMG_4565-Plauderbankerl-creditNinaChalupsky.jpg\" alt=\"Plauderbankerl \u00a9 Nina Chalupsky\" class=\"wp-image-4681\" srcset=\"https:\/\/www.pfarresanktnikolaus.at\/wp\/wp-content\/uploads\/2022\/07\/IMG_4565-Plauderbankerl-creditNinaChalupsky.jpg 1875w, https:\/\/www.pfarresanktnikolaus.at\/wp\/wp-content\/uploads\/2022\/07\/IMG_4565-Plauderbankerl-creditNinaChalupsky-225x300.jpg 225w, https:\/\/www.pfarresanktnikolaus.at\/wp\/wp-content\/uploads\/2022\/07\/IMG_4565-Plauderbankerl-creditNinaChalupsky-768x1024.jpg 768w, https:\/\/www.pfarresanktnikolaus.at\/wp\/wp-content\/uploads\/2022\/07\/IMG_4565-Plauderbankerl-creditNinaChalupsky-1152x1536.jpg 1152w, https:\/\/www.pfarresanktnikolaus.at\/wp\/wp-content\/uploads\/2022\/07\/IMG_4565-Plauderbankerl-creditNinaChalupsky-1536x2048.jpg 1536w\" sizes=\"auto, (max-width: 1875px) 100vw, 1875px\" \/><\/figure>\n<\/figure>\n\n\n\n<figure class=\"wp-block-gallery has-nested-images columns-default is-cropped wp-block-gallery-2 is-layout-flex wp-block-gallery-is-layout-flex\">\n<figure class=\"wp-block-image size-large is-style-default\"><img loading=\"lazy\" decoding=\"async\" width=\"2560\" height=\"1920\" data-id=\"4700\" src=\"https:\/\/www.pfarresanktnikolaus.at\/wp\/wp-content\/uploads\/2022\/08\/IMG_4900-scaled.jpg\" alt=\"\" class=\"wp-image-4700\" srcset=\"https:\/\/www.pfarresanktnikolaus.at\/wp\/wp-content\/uploads\/2022\/08\/IMG_4900-scaled.jpg 2560w, https:\/\/www.pfarresanktnikolaus.at\/wp\/wp-content\/uploads\/2022\/08\/IMG_4900-300x225.jpg 300w, https:\/\/www.pfarresanktnikolaus.at\/wp\/wp-content\/uploads\/2022\/08\/IMG_4900-1024x768.jpg 1024w, https:\/\/www.pfarresanktnikolaus.at\/wp\/wp-content\/uploads\/2022\/08\/IMG_4900-768x576.jpg 768w, https:\/\/www.pfarresanktnikolaus.at\/wp\/wp-content\/uploads\/2022\/08\/IMG_4900-1536x1152.jpg 1536w, https:\/\/www.pfarresanktnikolaus.at\/wp\/wp-content\/uploads\/2022\/08\/IMG_4900-2048x1536.jpg 2048w\" sizes=\"auto, (max-width: 2560px) 100vw, 2560px\" \/><\/figure>\n\n\n\n<figure class=\"wp-block-image size-large is-style-default\"><img loading=\"lazy\" decoding=\"async\" width=\"2560\" height=\"1920\" data-id=\"4699\" src=\"https:\/\/www.pfarresanktnikolaus.at\/wp\/wp-content\/uploads\/2022\/08\/IMG_4892-scaled.jpg\" alt=\"\" class=\"wp-image-4699\" srcset=\"https:\/\/www.pfarresanktnikolaus.at\/wp\/wp-content\/uploads\/2022\/08\/IMG_4892-scaled.jpg 2560w, https:\/\/www.pfarresanktnikolaus.at\/wp\/wp-content\/uploads\/2022\/08\/IMG_4892-300x225.jpg 300w, https:\/\/www.pfarresanktnikolaus.at\/wp\/wp-content\/uploads\/2022\/08\/IMG_4892-1024x768.jpg 1024w, https:\/\/www.pfarresanktnikolaus.at\/wp\/wp-content\/uploads\/2022\/08\/IMG_4892-768x576.jpg 768w, https:\/\/www.pfarresanktnikolaus.at\/wp\/wp-content\/uploads\/2022\/08\/IMG_4892-1536x1152.jpg 1536w, https:\/\/www.pfarresanktnikolaus.at\/wp\/wp-content\/uploads\/2022\/08\/IMG_4892-2048x1536.jpg 2048w\" sizes=\"auto, (max-width: 2560px) 100vw, 2560px\" \/><\/figure>\n<\/figure>\n\n\n\n<figure class=\"wp-block-gallery has-nested-images columns-default is-cropped wp-block-gallery-3 is-layout-flex wp-block-gallery-is-layout-flex\">\n<figure class=\"wp-block-image size-large is-style-default\"><img loading=\"lazy\" decoding=\"async\" width=\"2048\" height=\"2048\" data-id=\"4732\" src=\"https:\/\/www.pfarresanktnikolaus.at\/wp\/wp-content\/uploads\/2022\/08\/IMG_5147.jpg\" alt=\"Plauderbankerl \u00a9 Brigitte Knell\" class=\"wp-image-4732\" srcset=\"https:\/\/www.pfarresanktnikolaus.at\/wp\/wp-content\/uploads\/2022\/08\/IMG_5147.jpg 2048w, https:\/\/www.pfarresanktnikolaus.at\/wp\/wp-content\/uploads\/2022\/08\/IMG_5147-300x300.jpg 300w, https:\/\/www.pfarresanktnikolaus.at\/wp\/wp-content\/uploads\/2022\/08\/IMG_5147-1024x1024.jpg 1024w, https:\/\/www.pfarresanktnikolaus.at\/wp\/wp-content\/uploads\/2022\/08\/IMG_5147-150x150.jpg 150w, https:\/\/www.pfarresanktnikolaus.at\/wp\/wp-content\/uploads\/2022\/08\/IMG_5147-768x768.jpg 768w, https:\/\/www.pfarresanktnikolaus.at\/wp\/wp-content\/uploads\/2022\/08\/IMG_5147-1536x1536.jpg 1536w\" sizes=\"auto, (max-width: 2048px) 100vw, 2048px\" \/><\/figure>\n\n\n\n<figure class=\"wp-block-image size-large is-style-default\"><img loading=\"lazy\" decoding=\"async\" width=\"2048\" height=\"2048\" data-id=\"4731\" src=\"https:\/\/www.pfarresanktnikolaus.at\/wp\/wp-content\/uploads\/2022\/08\/IMG_5150.jpg\" alt=\"Plauderbankerl \u00a9 Brigitte Knell\" class=\"wp-image-4731\" srcset=\"https:\/\/www.pfarresanktnikolaus.at\/wp\/wp-content\/uploads\/2022\/08\/IMG_5150.jpg 2048w, https:\/\/www.pfarresanktnikolaus.at\/wp\/wp-content\/uploads\/2022\/08\/IMG_5150-300x300.jpg 300w, https:\/\/www.pfarresanktnikolaus.at\/wp\/wp-content\/uploads\/2022\/08\/IMG_5150-1024x1024.jpg 1024w, https:\/\/www.pfarresanktnikolaus.at\/wp\/wp-content\/uploads\/2022\/08\/IMG_5150-150x150.jpg 150w, https:\/\/www.pfarresanktnikolaus.at\/wp\/wp-content\/uploads\/2022\/08\/IMG_5150-768x768.jpg 768w, https:\/\/www.pfarresanktnikolaus.at\/wp\/wp-content\/uploads\/2022\/08\/IMG_5150-1536x1536.jpg 1536w\" sizes=\"auto, (max-width: 2048px) 100vw, 2048px\" \/><\/figure>\n<\/figure>\n\n\n\n<div class=\"wp-block-group\"><div class=\"wp-block-group__inner-container is-layout-flow wp-block-group-is-layout-flow\">\n<figure class=\"wp-block-gallery has-nested-images columns-default is-cropped wp-block-gallery-4 is-layout-flex wp-block-gallery-is-layout-flex\">\n<figure class=\"wp-block-image size-large is-style-default\"><img loading=\"lazy\" decoding=\"async\" width=\"2560\" height=\"1920\" data-id=\"4751\" src=\"https:\/\/www.pfarresanktnikolaus.at\/wp\/wp-content\/uploads\/2022\/08\/IMG_E5143-scaled.jpg\" alt=\"\" class=\"wp-image-4751\" srcset=\"https:\/\/www.pfarresanktnikolaus.at\/wp\/wp-content\/uploads\/2022\/08\/IMG_E5143-scaled.jpg 2560w, https:\/\/www.pfarresanktnikolaus.at\/wp\/wp-content\/uploads\/2022\/08\/IMG_E5143-300x225.jpg 300w, https:\/\/www.pfarresanktnikolaus.at\/wp\/wp-content\/uploads\/2022\/08\/IMG_E5143-1024x768.jpg 1024w, https:\/\/www.pfarresanktnikolaus.at\/wp\/wp-content\/uploads\/2022\/08\/IMG_E5143-768x576.jpg 768w, https:\/\/www.pfarresanktnikolaus.at\/wp\/wp-content\/uploads\/2022\/08\/IMG_E5143-1536x1152.jpg 1536w, https:\/\/www.pfarresanktnikolaus.at\/wp\/wp-content\/uploads\/2022\/08\/IMG_E5143-2048x1536.jpg 2048w\" sizes=\"auto, (max-width: 2560px) 100vw, 2560px\" \/><\/figure>\n\n\n\n<figure class=\"wp-block-image size-large is-style-default\"><img loading=\"lazy\" decoding=\"async\" width=\"2560\" height=\"1920\" data-id=\"4742\" src=\"https:\/\/www.pfarresanktnikolaus.at\/wp\/wp-content\/uploads\/2022\/08\/IMG_5478-scaled.jpg\" alt=\"Plauderbankerl \u00a9 Nina Chalupsky\" class=\"wp-image-4742\" srcset=\"https:\/\/www.pfarresanktnikolaus.at\/wp\/wp-content\/uploads\/2022\/08\/IMG_5478-scaled.jpg 2560w, https:\/\/www.pfarresanktnikolaus.at\/wp\/wp-content\/uploads\/2022\/08\/IMG_5478-300x225.jpg 300w, https:\/\/www.pfarresanktnikolaus.at\/wp\/wp-content\/uploads\/2022\/08\/IMG_5478-1024x768.jpg 1024w, https:\/\/www.pfarresanktnikolaus.at\/wp\/wp-content\/uploads\/2022\/08\/IMG_5478-768x576.jpg 768w, https:\/\/www.pfarresanktnikolaus.at\/wp\/wp-content\/uploads\/2022\/08\/IMG_5478-1536x1152.jpg 1536w, https:\/\/www.pfarresanktnikolaus.at\/wp\/wp-content\/uploads\/2022\/08\/IMG_5478-2048x1536.jpg 2048w\" sizes=\"auto, (max-width: 2560px) 100vw, 2560px\" \/><\/figure>\n<\/figure>\n<\/div><\/div>\n\n\n\n<p class=\"wp-block-paragraph\"><\/p>\n","protected":false},"excerpt":{"rendered":"<p>Gem\u00fctlich zu zweit auf einer Bank sitzen, einander zuh\u00f6ren, sich austauschen und mit zuversichtlichen Gedanken wieder nach Hause kehren \u2026. Wir alle sehnen uns danach, uns wieder pers\u00f6nlich zu treffen [&hellip;]<\/p>\n","protected":false},"author":4,"featured_media":4677,"comment_status":"open","ping_status":"open","sticky":false,"template":"","format":"standard","meta":{"inline_featured_image":false,"footnotes":""},"categories":[1],"tags":[],"class_list":["post-4684","post","type-post","status-publish","format-standard","has-post-thumbnail","hentry","category-pfarrleben"],"_links":{"self":[{"href":"https:\/\/www.pfarresanktnikolaus.at\/wp\/index.php?rest_route=\/wp\/v2\/posts\/4684","targetHints":{"allow":["GET"]}}],"collection":[{"href":"https:\/\/www.pfarresanktnikolaus.at\/wp\/index.php?rest_route=\/wp\/v2\/posts"}],"about":[{"href":"https:\/\/www.pfarresanktnikolaus.at\/wp\/index.php?rest_route=\/wp\/v2\/types\/post"}],"author":[{"embeddable":true,"href":"https:\/\/www.pfarresanktnikolaus.at\/wp\/index.php?rest_route=\/wp\/v2\/users\/4"}],"replies":[{"embeddable":true,"href":"https:\/\/www.pfarresanktnikolaus.at\/wp\/index.php?rest_route=%2Fwp%2Fv2%2Fcomments&post=4684"}],"version-history":[{"count":11,"href":"https:\/\/www.pfarresanktnikolaus.at\/wp\/index.php?rest_route=\/wp\/v2\/posts\/4684\/revisions"}],"predecessor-version":[{"id":4752,"href":"https:\/\/www.pfarresanktnikolaus.at\/wp\/index.php?rest_route=\/wp\/v2\/posts\/4684\/revisions\/4752"}],"wp:featuredmedia":[{"embeddable":true,"href":"https:\/\/www.pfarresanktnikolaus.at\/wp\/index.php?rest_route=\/wp\/v2\/media\/4677"}],"wp:attachment":[{"href":"https:\/\/www.pfarresanktnikolaus.at\/wp\/index.php?rest_route=%2Fwp%2Fv2%2Fmedia&parent=4684"}],"wp:term":[{"taxonomy":"category","embeddable":true,"href":"https:\/\/www.pfarresanktnikolaus.at\/wp\/index.php?rest_route=%2Fwp%2Fv2%2Fcategories&post=4684"},{"taxonomy":"post_tag","embeddable":true,"href":"https:\/\/www.pfarresanktnikolaus.at\/wp\/index.php?rest_route=%2Fwp%2Fv2%2Ftags&post=4684"}],"curies":[{"name":"wp","href":"https:\/\/api.w.org\/{rel}","templated":true}]}}