{"id":4619,"date":"2022-06-02T11:59:59","date_gmt":"2022-06-02T09:59:59","guid":{"rendered":"https:\/\/www.pfarresanktnikolaus.at\/wp\/?p=4619"},"modified":"2022-06-13T20:37:54","modified_gmt":"2022-06-13T18:37:54","slug":"lange-nacht-der-kirchen-2022","status":"publish","type":"post","link":"https:\/\/www.pfarresanktnikolaus.at\/wp\/?p=4619","title":{"rendered":"Lange Nacht der Kirchen 2022"},"content":{"rendered":"\n<p class=\"wp-block-paragraph\">Am <strong>10. Juni 2022<\/strong> fand wieder die Lange Nacht der Kirchen statt. Gemeinsam mit unseren Partnerpfarren Emmaus am Wienerberg und Inzersdorf-Neustift konnten wir:<\/p>\n\n\n\n<ul class=\"wp-block-list\"><li>die Kinder in die Nacht einsteigen lassen und mit ihnen spielerisch basteln und sporteln<\/li><li>Kunst \u00fcber die Kirchensanierung 2013\u20132016 im Pfarrheim bestaunen<\/li><li>Hl. Messe mit Chor Char\u00e1 feiern<\/li><li>moderne Kirchenmusik h\u00f6ren<\/li><li>den Glockenturm besteigen<\/li><li>Inzersdorfer Pfarrgeschichte und Pfarrgschichtln h\u00f6ren und Streiflichter aus der wechselvollen, mehr als 800-j\u00e4hrigen Pfarrgeschichte von \u00bbInzersdorf am Wienerberge\u00ab erfahren<\/li><li>im Tanz Gott loben<\/li><li>Kirche im Ausnahmezustand mit Hoppalas und Gl\u00fccksmomenten der Pandemie erleben<\/li><li>traditionelle Kirchenmusik h\u00f6ren<\/li><li>mit Gebet und stiller Andacht ausklingen lassen<\/li><\/ul>\n\n\n\n<p class=\"wp-block-paragraph\">Sie finden in K\u00fcrze hier einen R\u00fcckblick auf die Lange Nacht. Bereits jetzt k\u00f6nnen Sie Fotos betrachten:<\/p>\n\n\n\n<figure class=\"wp-block-gallery has-nested-images columns-default is-cropped wp-block-gallery-1 is-layout-flex wp-block-gallery-is-layout-flex\">\n<figure class=\"wp-block-image size-large\"><a href=\"https:\/\/www.pfarresanktnikolaus.at\/wp\/wp-content\/uploads\/2022\/06\/IMG_8200-scaled.jpg\" data-rel=\"lightbox-gallery-UryOnrZH\" data-rl_title=\"Pfarrvikar Marcin zelebrierte die Hl. Messe mit musikalischer Gestaltung des Chor Char\u00e0 \u00a9 Nico Trimmel\" data-rl_caption=\"Pfarrvikar Marcin zelebrierte die Hl. Messe mit musikalischer Gestaltung des Chor Char\u00e0 \u00a9 Nico Trimmel\" title=\"Pfarrvikar Marcin zelebrierte die Hl. Messe mit musikalischer Gestaltung des Chor Char\u00e0 \u00a9 Nico Trimmel\"><img loading=\"lazy\" decoding=\"async\" width=\"2560\" height=\"1707\" data-id=\"4634\" src=\"https:\/\/www.pfarresanktnikolaus.at\/wp\/wp-content\/uploads\/2022\/06\/IMG_8200-scaled.jpg\" alt=\"Pfarrvikar Marcin steht am Ambo, zwei Ministranten links und rechts halten Kerzen.\" class=\"wp-image-4634\" srcset=\"https:\/\/www.pfarresanktnikolaus.at\/wp\/wp-content\/uploads\/2022\/06\/IMG_8200-scaled.jpg 2560w, https:\/\/www.pfarresanktnikolaus.at\/wp\/wp-content\/uploads\/2022\/06\/IMG_8200-300x200.jpg 300w, https:\/\/www.pfarresanktnikolaus.at\/wp\/wp-content\/uploads\/2022\/06\/IMG_8200-1024x683.jpg 1024w, https:\/\/www.pfarresanktnikolaus.at\/wp\/wp-content\/uploads\/2022\/06\/IMG_8200-768x512.jpg 768w, https:\/\/www.pfarresanktnikolaus.at\/wp\/wp-content\/uploads\/2022\/06\/IMG_8200-1536x1024.jpg 1536w, https:\/\/www.pfarresanktnikolaus.at\/wp\/wp-content\/uploads\/2022\/06\/IMG_8200-2048x1365.jpg 2048w\" sizes=\"auto, (max-width: 2560px) 100vw, 2560px\" \/><\/a><figcaption>Pfarrvikar Marcin zelebrierte die Hl. Messe mit musikalischer Gestaltung des Chor Char\u00e0 \u00a9 Nico Trimmel<\/figcaption><\/figure>\n\n\n\n<figure class=\"wp-block-image size-large\"><a href=\"https:\/\/www.pfarresanktnikolaus.at\/wp\/wp-content\/uploads\/2022\/06\/IMG_8190-scaled.jpg\" data-rel=\"lightbox-gallery-UryOnrZH\" data-rl_title=\"Pfarrvikar Marcin zelebrierte die Hl. Messe mit musikalischer Gestaltung des Chor Char\u00e0 \u00a9 Nico Trimmel\" data-rl_caption=\"Pfarrvikar Marcin zelebrierte die Hl. Messe mit musikalischer Gestaltung des Chor Char\u00e0 \u00a9 Nico Trimmel\" title=\"Pfarrvikar Marcin zelebrierte die Hl. Messe mit musikalischer Gestaltung des Chor Char\u00e0 \u00a9 Nico Trimmel\"><img loading=\"lazy\" decoding=\"async\" width=\"2560\" height=\"1707\" data-id=\"4631\" src=\"https:\/\/www.pfarresanktnikolaus.at\/wp\/wp-content\/uploads\/2022\/06\/IMG_8190-scaled.jpg\" alt=\"S\u00e4ngerinnen des Chor Char\u00e0 stehen im Kreis und singen.\" class=\"wp-image-4631\" srcset=\"https:\/\/www.pfarresanktnikolaus.at\/wp\/wp-content\/uploads\/2022\/06\/IMG_8190-scaled.jpg 2560w, https:\/\/www.pfarresanktnikolaus.at\/wp\/wp-content\/uploads\/2022\/06\/IMG_8190-300x200.jpg 300w, https:\/\/www.pfarresanktnikolaus.at\/wp\/wp-content\/uploads\/2022\/06\/IMG_8190-1024x683.jpg 1024w, https:\/\/www.pfarresanktnikolaus.at\/wp\/wp-content\/uploads\/2022\/06\/IMG_8190-768x512.jpg 768w, https:\/\/www.pfarresanktnikolaus.at\/wp\/wp-content\/uploads\/2022\/06\/IMG_8190-1536x1024.jpg 1536w, https:\/\/www.pfarresanktnikolaus.at\/wp\/wp-content\/uploads\/2022\/06\/IMG_8190-2048x1365.jpg 2048w\" sizes=\"auto, (max-width: 2560px) 100vw, 2560px\" \/><\/a><figcaption>Pfarrvikar Marcin zelebrierte die Hl. Messe mit musikalischer Gestaltung des Chor Char\u00e0 \u00a9 Nico Trimmel<\/figcaption><\/figure>\n\n\n\n<figure class=\"wp-block-image size-large\"><a href=\"https:\/\/www.pfarresanktnikolaus.at\/wp\/wp-content\/uploads\/2022\/06\/IMG_8197-scaled.jpg\" data-rel=\"lightbox-gallery-UryOnrZH\" data-rl_title=\"Pfarrvikar Marcin zelebrierte die Hl. Messe mit musikalischer Gestaltung des Chor Char\u00e0 \u00a9 Nico Trimmel\" data-rl_caption=\"Pfarrvikar Marcin zelebrierte die Hl. Messe mit musikalischer Gestaltung des Chor Char\u00e0 \u00a9 Nico Trimmel\" title=\"Pfarrvikar Marcin zelebrierte die Hl. Messe mit musikalischer Gestaltung des Chor Char\u00e0 \u00a9 Nico Trimmel\"><img loading=\"lazy\" decoding=\"async\" width=\"2560\" height=\"1707\" data-id=\"4632\" src=\"https:\/\/www.pfarresanktnikolaus.at\/wp\/wp-content\/uploads\/2022\/06\/IMG_8197-scaled.jpg\" alt=\"S\u00e4ngerinnen des Chor Char\u00e0 stehen im Kreis und singen.\" class=\"wp-image-4632\" srcset=\"https:\/\/www.pfarresanktnikolaus.at\/wp\/wp-content\/uploads\/2022\/06\/IMG_8197-scaled.jpg 2560w, https:\/\/www.pfarresanktnikolaus.at\/wp\/wp-content\/uploads\/2022\/06\/IMG_8197-300x200.jpg 300w, https:\/\/www.pfarresanktnikolaus.at\/wp\/wp-content\/uploads\/2022\/06\/IMG_8197-1024x683.jpg 1024w, https:\/\/www.pfarresanktnikolaus.at\/wp\/wp-content\/uploads\/2022\/06\/IMG_8197-768x512.jpg 768w, https:\/\/www.pfarresanktnikolaus.at\/wp\/wp-content\/uploads\/2022\/06\/IMG_8197-1536x1024.jpg 1536w, https:\/\/www.pfarresanktnikolaus.at\/wp\/wp-content\/uploads\/2022\/06\/IMG_8197-2048x1365.jpg 2048w\" sizes=\"auto, (max-width: 2560px) 100vw, 2560px\" \/><\/a><figcaption>Pfarrvikar Marcin zelebrierte die Hl. Messe mit musikalischer Gestaltung des Chor Char\u00e0 \u00a9 Nico Trimmel<\/figcaption><\/figure>\n\n\n\n<figure class=\"wp-block-image size-large\"><a href=\"https:\/\/www.pfarresanktnikolaus.at\/wp\/wp-content\/uploads\/2022\/06\/IMG_8198-scaled.jpg\" data-rel=\"lightbox-gallery-UryOnrZH\" data-rl_title=\"Pfarrvikar Marcin zelebrierte die Hl. Messe mit musikalischer Gestaltung des Chor Char\u00e0 \u00a9 Nico Trimmel\" data-rl_caption=\"Pfarrvikar Marcin zelebrierte die Hl. Messe mit musikalischer Gestaltung des Chor Char\u00e0 \u00a9 Nico Trimmel\" title=\"Pfarrvikar Marcin zelebrierte die Hl. Messe mit musikalischer Gestaltung des Chor Char\u00e0 \u00a9 Nico Trimmel\"><img loading=\"lazy\" decoding=\"async\" width=\"2560\" height=\"1707\" data-id=\"4633\" src=\"https:\/\/www.pfarresanktnikolaus.at\/wp\/wp-content\/uploads\/2022\/06\/IMG_8198-scaled.jpg\" alt=\"S\u00e4ngerinnen des Chor Char\u00e0 stehen im Kreis und singen.\" class=\"wp-image-4633\" srcset=\"https:\/\/www.pfarresanktnikolaus.at\/wp\/wp-content\/uploads\/2022\/06\/IMG_8198-scaled.jpg 2560w, https:\/\/www.pfarresanktnikolaus.at\/wp\/wp-content\/uploads\/2022\/06\/IMG_8198-300x200.jpg 300w, https:\/\/www.pfarresanktnikolaus.at\/wp\/wp-content\/uploads\/2022\/06\/IMG_8198-1024x683.jpg 1024w, https:\/\/www.pfarresanktnikolaus.at\/wp\/wp-content\/uploads\/2022\/06\/IMG_8198-768x512.jpg 768w, https:\/\/www.pfarresanktnikolaus.at\/wp\/wp-content\/uploads\/2022\/06\/IMG_8198-1536x1024.jpg 1536w, https:\/\/www.pfarresanktnikolaus.at\/wp\/wp-content\/uploads\/2022\/06\/IMG_8198-2048x1365.jpg 2048w\" sizes=\"auto, (max-width: 2560px) 100vw, 2560px\" \/><\/a><figcaption>Pfarrvikar Marcin zelebrierte die Hl. Messe mit musikalischer Gestaltung des Chor Char\u00e0 \u00a9 Nico Trimmel<\/figcaption><\/figure>\n\n\n\n<figure class=\"wp-block-image size-large\"><a href=\"https:\/\/www.pfarresanktnikolaus.at\/wp\/wp-content\/uploads\/2022\/06\/IMG_8213-scaled.jpg\" data-rel=\"lightbox-gallery-UryOnrZH\" data-rl_title=\"Pfarrvikar Marcin in der Langen Nacht der Kirchen 2022. \u00a9 Nico Trimmel\" data-rl_caption=\"Pfarrvikar Marcin in der Langen Nacht der Kirchen 2022. \u00a9 Nico Trimmel\" title=\"Pfarrvikar Marcin in der Langen Nacht der Kirchen 2022. \u00a9 Nico Trimmel\"><img loading=\"lazy\" decoding=\"async\" width=\"2560\" height=\"1707\" data-id=\"4638\" src=\"https:\/\/www.pfarresanktnikolaus.at\/wp\/wp-content\/uploads\/2022\/06\/IMG_8213-scaled.jpg\" alt=\"Pfarrvikar Marcin steht am Altar und spricht; Messbesucher in den Reihen.\" class=\"wp-image-4638\" srcset=\"https:\/\/www.pfarresanktnikolaus.at\/wp\/wp-content\/uploads\/2022\/06\/IMG_8213-scaled.jpg 2560w, https:\/\/www.pfarresanktnikolaus.at\/wp\/wp-content\/uploads\/2022\/06\/IMG_8213-300x200.jpg 300w, https:\/\/www.pfarresanktnikolaus.at\/wp\/wp-content\/uploads\/2022\/06\/IMG_8213-1024x683.jpg 1024w, https:\/\/www.pfarresanktnikolaus.at\/wp\/wp-content\/uploads\/2022\/06\/IMG_8213-768x512.jpg 768w, https:\/\/www.pfarresanktnikolaus.at\/wp\/wp-content\/uploads\/2022\/06\/IMG_8213-1536x1024.jpg 1536w, https:\/\/www.pfarresanktnikolaus.at\/wp\/wp-content\/uploads\/2022\/06\/IMG_8213-2048x1365.jpg 2048w\" sizes=\"auto, (max-width: 2560px) 100vw, 2560px\" \/><\/a><figcaption>Pfarrvikar Marcin in der Langen Nacht der Kirchen 2022. \u00a9 Nico Trimmel<\/figcaption><\/figure>\n\n\n\n<figure class=\"wp-block-image size-large\"><a href=\"https:\/\/www.pfarresanktnikolaus.at\/wp\/wp-content\/uploads\/2022\/06\/IMG_8218-scaled.jpg\" data-rel=\"lightbox-gallery-UryOnrZH\" data-rl_title=\"Aussetzung des Allerheiligsten f\u00fcr die Anbetung. \u00a9 Nico Trimmel\" data-rl_caption=\"Aussetzung des Allerheiligsten f\u00fcr die Anbetung. \u00a9 Nico Trimmel\" title=\"Aussetzung des Allerheiligsten f\u00fcr die Anbetung. \u00a9 Nico Trimmel\"><img loading=\"lazy\" decoding=\"async\" width=\"2560\" height=\"1707\" data-id=\"4637\" src=\"https:\/\/www.pfarresanktnikolaus.at\/wp\/wp-content\/uploads\/2022\/06\/IMG_8218-scaled.jpg\" alt=\"Aussetzung des Allerheiligsten f\u00fcr die Anbetung.\" class=\"wp-image-4637\" srcset=\"https:\/\/www.pfarresanktnikolaus.at\/wp\/wp-content\/uploads\/2022\/06\/IMG_8218-scaled.jpg 2560w, https:\/\/www.pfarresanktnikolaus.at\/wp\/wp-content\/uploads\/2022\/06\/IMG_8218-300x200.jpg 300w, https:\/\/www.pfarresanktnikolaus.at\/wp\/wp-content\/uploads\/2022\/06\/IMG_8218-1024x683.jpg 1024w, https:\/\/www.pfarresanktnikolaus.at\/wp\/wp-content\/uploads\/2022\/06\/IMG_8218-768x512.jpg 768w, https:\/\/www.pfarresanktnikolaus.at\/wp\/wp-content\/uploads\/2022\/06\/IMG_8218-1536x1024.jpg 1536w, https:\/\/www.pfarresanktnikolaus.at\/wp\/wp-content\/uploads\/2022\/06\/IMG_8218-2048x1365.jpg 2048w\" sizes=\"auto, (max-width: 2560px) 100vw, 2560px\" \/><\/a><figcaption>Aussetzung des Allerheiligsten f\u00fcr die Anbetung. \u00a9 Nico Trimmel<\/figcaption><\/figure>\n\n\n\n<figure class=\"wp-block-image size-large\"><a href=\"https:\/\/www.pfarresanktnikolaus.at\/wp\/wp-content\/uploads\/2022\/06\/IMG_8232-scaled.jpg\" data-rel=\"lightbox-gallery-UryOnrZH\" data-rl_title=\"Pfarrer Zvonko Brezovski leitet Programmpunkt &quot;Moderne Kirchenmusik&quot; ein. \u00a9 Nico Trimmel\" data-rl_caption=\"Pfarrer Zvonko Brezovski leitet Programmpunkt &quot;Moderne Kirchenmusik&quot; ein. \u00a9 Nico Trimmel\" title=\"Pfarrer Zvonko Brezovski leitet Programmpunkt &quot;Moderne Kirchenmusik&quot; ein. \u00a9 Nico Trimmel\"><img loading=\"lazy\" decoding=\"async\" width=\"2560\" height=\"1707\" data-id=\"4645\" src=\"https:\/\/www.pfarresanktnikolaus.at\/wp\/wp-content\/uploads\/2022\/06\/IMG_8232-scaled.jpg\" alt=\"\" class=\"wp-image-4645\" srcset=\"https:\/\/www.pfarresanktnikolaus.at\/wp\/wp-content\/uploads\/2022\/06\/IMG_8232-scaled.jpg 2560w, https:\/\/www.pfarresanktnikolaus.at\/wp\/wp-content\/uploads\/2022\/06\/IMG_8232-300x200.jpg 300w, https:\/\/www.pfarresanktnikolaus.at\/wp\/wp-content\/uploads\/2022\/06\/IMG_8232-1024x683.jpg 1024w, https:\/\/www.pfarresanktnikolaus.at\/wp\/wp-content\/uploads\/2022\/06\/IMG_8232-768x512.jpg 768w, https:\/\/www.pfarresanktnikolaus.at\/wp\/wp-content\/uploads\/2022\/06\/IMG_8232-1536x1024.jpg 1536w, https:\/\/www.pfarresanktnikolaus.at\/wp\/wp-content\/uploads\/2022\/06\/IMG_8232-2048x1365.jpg 2048w\" sizes=\"auto, (max-width: 2560px) 100vw, 2560px\" \/><\/a><figcaption>Pfarrer Zvonko Brezovski leitet Programmpunkt &#8222;Moderne Kirchenmusik&#8220; ein. \u00a9 Nico Trimmel<\/figcaption><\/figure>\n\n\n\n<figure class=\"wp-block-image size-large\"><a href=\"https:\/\/www.pfarresanktnikolaus.at\/wp\/wp-content\/uploads\/2022\/06\/IMG_8242-scaled.jpg\" data-rel=\"lightbox-gallery-UryOnrZH\" data-rl_title=\"Moderne Kirchenmusik: Helmut Kofler (Trompete) und Andreas Kleinl (Orgel) spielen Cantabile \u201eAfrica-Europa, un solo cuore\u201c von Enrico Pasini . \u00a9 Nico Trimmel\" data-rl_caption=\"Moderne Kirchenmusik: Helmut Kofler (Trompete) und Andreas Kleinl (Orgel) spielen Cantabile \u201eAfrica-Europa, un solo cuore\u201c von Enrico Pasini . \u00a9 Nico Trimmel\" title=\"Moderne Kirchenmusik: Helmut Kofler (Trompete) und Andreas Kleinl (Orgel) spielen Cantabile \u201eAfrica-Europa, un solo cuore\u201c von Enrico Pasini . \u00a9 Nico Trimmel\"><img loading=\"lazy\" decoding=\"async\" width=\"2560\" height=\"1707\" data-id=\"4647\" src=\"https:\/\/www.pfarresanktnikolaus.at\/wp\/wp-content\/uploads\/2022\/06\/IMG_8242-scaled.jpg\" alt=\"\" class=\"wp-image-4647\" srcset=\"https:\/\/www.pfarresanktnikolaus.at\/wp\/wp-content\/uploads\/2022\/06\/IMG_8242-scaled.jpg 2560w, https:\/\/www.pfarresanktnikolaus.at\/wp\/wp-content\/uploads\/2022\/06\/IMG_8242-300x200.jpg 300w, https:\/\/www.pfarresanktnikolaus.at\/wp\/wp-content\/uploads\/2022\/06\/IMG_8242-1024x683.jpg 1024w, https:\/\/www.pfarresanktnikolaus.at\/wp\/wp-content\/uploads\/2022\/06\/IMG_8242-768x512.jpg 768w, https:\/\/www.pfarresanktnikolaus.at\/wp\/wp-content\/uploads\/2022\/06\/IMG_8242-1536x1024.jpg 1536w, https:\/\/www.pfarresanktnikolaus.at\/wp\/wp-content\/uploads\/2022\/06\/IMG_8242-2048x1365.jpg 2048w\" sizes=\"auto, (max-width: 2560px) 100vw, 2560px\" \/><\/a><figcaption>Moderne Kirchenmusik: Helmut Kofler (Trompete) und Andreas Kleinl (Orgel) spielen Cantabile \u201eAfrica-Europa, \nun solo cuore\u201c von Enrico Pasini . \u00a9 Nico Trimmel<\/figcaption><\/figure>\n\n\n\n<figure class=\"wp-block-image size-large\"><a href=\"https:\/\/www.pfarresanktnikolaus.at\/wp\/wp-content\/uploads\/2022\/06\/IMG_8247-scaled.jpg\" data-rel=\"lightbox-gallery-UryOnrZH\" data-rl_title=\"Moderne Kirchenmusik: Maria Delivicheva und Benedikt Kofler (Sopransaxophon) spielen die 1. Sonate Siciliana von Georg Philipp Telemann.. \u00a9 Nico Trimmel\" data-rl_caption=\"Moderne Kirchenmusik: Maria Delivicheva und Benedikt Kofler (Sopransaxophon) spielen die 1. Sonate Siciliana von Georg Philipp Telemann.. \u00a9 Nico Trimmel\" title=\"Moderne Kirchenmusik: Maria Delivicheva und Benedikt Kofler (Sopransaxophon) spielen die 1. Sonate Siciliana von Georg Philipp Telemann.. \u00a9 Nico Trimmel\"><img loading=\"lazy\" decoding=\"async\" width=\"2560\" height=\"1707\" data-id=\"4650\" src=\"https:\/\/www.pfarresanktnikolaus.at\/wp\/wp-content\/uploads\/2022\/06\/IMG_8247-scaled.jpg\" alt=\"\" class=\"wp-image-4650\" srcset=\"https:\/\/www.pfarresanktnikolaus.at\/wp\/wp-content\/uploads\/2022\/06\/IMG_8247-scaled.jpg 2560w, https:\/\/www.pfarresanktnikolaus.at\/wp\/wp-content\/uploads\/2022\/06\/IMG_8247-300x200.jpg 300w, https:\/\/www.pfarresanktnikolaus.at\/wp\/wp-content\/uploads\/2022\/06\/IMG_8247-1024x683.jpg 1024w, https:\/\/www.pfarresanktnikolaus.at\/wp\/wp-content\/uploads\/2022\/06\/IMG_8247-768x512.jpg 768w, https:\/\/www.pfarresanktnikolaus.at\/wp\/wp-content\/uploads\/2022\/06\/IMG_8247-1536x1024.jpg 1536w, https:\/\/www.pfarresanktnikolaus.at\/wp\/wp-content\/uploads\/2022\/06\/IMG_8247-2048x1365.jpg 2048w\" sizes=\"auto, (max-width: 2560px) 100vw, 2560px\" \/><\/a><figcaption>Moderne Kirchenmusik: Maria Delivicheva (Klavier) und Benedikt Kofler (Sopransaxophon) spielen die 1. Sonate Siciliana von Georg Philipp Telemann. \u00a9 Nico Trimmel<\/figcaption><\/figure>\n\n\n\n<figure class=\"wp-block-image size-large\"><a href=\"https:\/\/www.pfarresanktnikolaus.at\/wp\/wp-content\/uploads\/2022\/06\/IMG_8256-scaled.jpg\" data-rel=\"lightbox-gallery-UryOnrZH\" data-rl_title=\"Moderne Kirchenmusik: Orgel (Oswald Amtmann) und Beatbox (Michael Enzersfellner). \u00a9 Nico Trimmel\" data-rl_caption=\"Moderne Kirchenmusik: Orgel (Oswald Amtmann) und Beatbox (Michael Enzersfellner). \u00a9 Nico Trimmel\" title=\"Moderne Kirchenmusik: Orgel (Oswald Amtmann) und Beatbox (Michael Enzersfellner). \u00a9 Nico Trimmel\"><img loading=\"lazy\" decoding=\"async\" width=\"1707\" height=\"2560\" data-id=\"4652\" src=\"https:\/\/www.pfarresanktnikolaus.at\/wp\/wp-content\/uploads\/2022\/06\/IMG_8256-scaled.jpg\" alt=\"\" class=\"wp-image-4652\" srcset=\"https:\/\/www.pfarresanktnikolaus.at\/wp\/wp-content\/uploads\/2022\/06\/IMG_8256-scaled.jpg 1707w, https:\/\/www.pfarresanktnikolaus.at\/wp\/wp-content\/uploads\/2022\/06\/IMG_8256-200x300.jpg 200w, https:\/\/www.pfarresanktnikolaus.at\/wp\/wp-content\/uploads\/2022\/06\/IMG_8256-683x1024.jpg 683w, https:\/\/www.pfarresanktnikolaus.at\/wp\/wp-content\/uploads\/2022\/06\/IMG_8256-768x1152.jpg 768w, https:\/\/www.pfarresanktnikolaus.at\/wp\/wp-content\/uploads\/2022\/06\/IMG_8256-1024x1536.jpg 1024w, https:\/\/www.pfarresanktnikolaus.at\/wp\/wp-content\/uploads\/2022\/06\/IMG_8256-1365x2048.jpg 1365w\" sizes=\"auto, (max-width: 1707px) 100vw, 1707px\" \/><\/a><figcaption>Moderne Kirchenmusik: Orgel (Oswald Amtmann) und \nBeatbox (Michael Enzersfellner). \u00a9 Nico Trimmel<\/figcaption><\/figure>\n\n\n\n<figure class=\"wp-block-image size-large\"><a href=\"https:\/\/www.pfarresanktnikolaus.at\/wp\/wp-content\/uploads\/2022\/06\/IMG_8253-scaled.jpg\" data-rel=\"lightbox-gallery-UryOnrZH\" data-rl_title=\"Moderne Kirchenmusik: Orgel (Oswald Amtmann) und Beatbox (Michael Enzersfellner). \u00a9 Nico Trimmel\" data-rl_caption=\"Moderne Kirchenmusik: Orgel (Oswald Amtmann) und Beatbox (Michael Enzersfellner). \u00a9 Nico Trimmel\" title=\"Moderne Kirchenmusik: Orgel (Oswald Amtmann) und Beatbox (Michael Enzersfellner). \u00a9 Nico Trimmel\"><img loading=\"lazy\" decoding=\"async\" width=\"1707\" height=\"2560\" data-id=\"4653\" src=\"https:\/\/www.pfarresanktnikolaus.at\/wp\/wp-content\/uploads\/2022\/06\/IMG_8253-scaled.jpg\" alt=\"\" class=\"wp-image-4653\" srcset=\"https:\/\/www.pfarresanktnikolaus.at\/wp\/wp-content\/uploads\/2022\/06\/IMG_8253-scaled.jpg 1707w, https:\/\/www.pfarresanktnikolaus.at\/wp\/wp-content\/uploads\/2022\/06\/IMG_8253-200x300.jpg 200w, https:\/\/www.pfarresanktnikolaus.at\/wp\/wp-content\/uploads\/2022\/06\/IMG_8253-683x1024.jpg 683w, https:\/\/www.pfarresanktnikolaus.at\/wp\/wp-content\/uploads\/2022\/06\/IMG_8253-768x1152.jpg 768w, https:\/\/www.pfarresanktnikolaus.at\/wp\/wp-content\/uploads\/2022\/06\/IMG_8253-1024x1536.jpg 1024w, https:\/\/www.pfarresanktnikolaus.at\/wp\/wp-content\/uploads\/2022\/06\/IMG_8253-1365x2048.jpg 1365w\" sizes=\"auto, (max-width: 1707px) 100vw, 1707px\" \/><\/a><figcaption>Moderne Kirchenmusik: Orgel (Oswald Amtmann) und \nBeatbox (Michael Enzersfellner). \u00a9 Nico Trimmel<\/figcaption><\/figure>\n\n\n\n<figure class=\"wp-block-image size-large\"><a href=\"https:\/\/www.pfarresanktnikolaus.at\/wp\/wp-content\/uploads\/2022\/06\/IMG_8257-scaled.jpg\" data-rel=\"lightbox-gallery-UryOnrZH\" data-rl_title=\"Gloria und Gabenbereitung aus der &quot;Messe zu den 7 Engeln&quot;, Gesang zur Orgel Oswald Amtmanns. \u00a9 Nico Trimmel\" data-rl_caption=\"Gloria und Gabenbereitung aus der &quot;Messe zu den 7 Engeln&quot;, Gesang zur Orgel Oswald Amtmanns. \u00a9 Nico Trimmel\" title=\"Gloria und Gabenbereitung aus der &quot;Messe zu den 7 Engeln&quot;, Gesang zur Orgel Oswald Amtmanns. \u00a9 Nico Trimmel\"><img loading=\"lazy\" decoding=\"async\" width=\"2560\" height=\"1707\" data-id=\"4655\" src=\"https:\/\/www.pfarresanktnikolaus.at\/wp\/wp-content\/uploads\/2022\/06\/IMG_8257-scaled.jpg\" alt=\"\" class=\"wp-image-4655\" srcset=\"https:\/\/www.pfarresanktnikolaus.at\/wp\/wp-content\/uploads\/2022\/06\/IMG_8257-scaled.jpg 2560w, https:\/\/www.pfarresanktnikolaus.at\/wp\/wp-content\/uploads\/2022\/06\/IMG_8257-300x200.jpg 300w, https:\/\/www.pfarresanktnikolaus.at\/wp\/wp-content\/uploads\/2022\/06\/IMG_8257-1024x683.jpg 1024w, https:\/\/www.pfarresanktnikolaus.at\/wp\/wp-content\/uploads\/2022\/06\/IMG_8257-768x512.jpg 768w, https:\/\/www.pfarresanktnikolaus.at\/wp\/wp-content\/uploads\/2022\/06\/IMG_8257-1536x1024.jpg 1536w, https:\/\/www.pfarresanktnikolaus.at\/wp\/wp-content\/uploads\/2022\/06\/IMG_8257-2048x1365.jpg 2048w\" sizes=\"auto, (max-width: 2560px) 100vw, 2560px\" \/><\/a><figcaption>Gloria und Gabenbereitung aus der &#8222;Messe zu den 7 Engeln&#8220;, Gesang zur Orgel Oswald Amtmanns.\n\u00a9 Nico Trimmel<\/figcaption><\/figure>\n\n\n\n<figure class=\"wp-block-image size-large\"><a href=\"https:\/\/www.pfarresanktnikolaus.at\/wp\/wp-content\/uploads\/2022\/06\/Zvonkos-Fotos-5.jpg\" data-rel=\"lightbox-gallery-UryOnrZH\" data-rl_title=\"Alexander B\u00f6hm und Sarah Grone bei der Agape. \u00a9 Zvonko Brezovski\" data-rl_caption=\"Alexander B\u00f6hm und Sarah Grone bei der Agape. \u00a9 Zvonko Brezovski\" title=\"Alexander B\u00f6hm und Sarah Grone bei der Agape. \u00a9 Zvonko Brezovski\"><img loading=\"lazy\" decoding=\"async\" width=\"1200\" height=\"1600\" data-id=\"4666\" src=\"https:\/\/www.pfarresanktnikolaus.at\/wp\/wp-content\/uploads\/2022\/06\/Zvonkos-Fotos-5.jpg\" alt=\"\" class=\"wp-image-4666\" srcset=\"https:\/\/www.pfarresanktnikolaus.at\/wp\/wp-content\/uploads\/2022\/06\/Zvonkos-Fotos-5.jpg 1200w, https:\/\/www.pfarresanktnikolaus.at\/wp\/wp-content\/uploads\/2022\/06\/Zvonkos-Fotos-5-225x300.jpg 225w, https:\/\/www.pfarresanktnikolaus.at\/wp\/wp-content\/uploads\/2022\/06\/Zvonkos-Fotos-5-768x1024.jpg 768w, https:\/\/www.pfarresanktnikolaus.at\/wp\/wp-content\/uploads\/2022\/06\/Zvonkos-Fotos-5-1152x1536.jpg 1152w\" sizes=\"auto, (max-width: 1200px) 100vw, 1200px\" \/><\/a><figcaption>Vor der Kirche gab es St\u00e4rkung durch Speisen und Getr\u00e4nke. \u00a9 Zvonko Brezovski<\/figcaption><\/figure>\n\n\n\n<figure class=\"wp-block-image size-large\"><a href=\"https:\/\/www.pfarresanktnikolaus.at\/wp\/wp-content\/uploads\/2022\/06\/IMG_8229-scaled.jpg\" data-rel=\"lightbox-gallery-UryOnrZH\" data-rl_title=\"Gespr\u00e4che vor der Kirche. \u00a9 Nico Trimmel\" data-rl_caption=\"Gespr\u00e4che vor der Kirche. \u00a9 Nico Trimmel\" title=\"Gespr\u00e4che vor der Kirche. \u00a9 Nico Trimmel\"><img loading=\"lazy\" decoding=\"async\" width=\"2560\" height=\"1707\" data-id=\"4643\" src=\"https:\/\/www.pfarresanktnikolaus.at\/wp\/wp-content\/uploads\/2022\/06\/IMG_8229-scaled.jpg\" alt=\"\" class=\"wp-image-4643\" srcset=\"https:\/\/www.pfarresanktnikolaus.at\/wp\/wp-content\/uploads\/2022\/06\/IMG_8229-scaled.jpg 2560w, https:\/\/www.pfarresanktnikolaus.at\/wp\/wp-content\/uploads\/2022\/06\/IMG_8229-300x200.jpg 300w, https:\/\/www.pfarresanktnikolaus.at\/wp\/wp-content\/uploads\/2022\/06\/IMG_8229-1024x683.jpg 1024w, https:\/\/www.pfarresanktnikolaus.at\/wp\/wp-content\/uploads\/2022\/06\/IMG_8229-768x512.jpg 768w, https:\/\/www.pfarresanktnikolaus.at\/wp\/wp-content\/uploads\/2022\/06\/IMG_8229-1536x1024.jpg 1536w, https:\/\/www.pfarresanktnikolaus.at\/wp\/wp-content\/uploads\/2022\/06\/IMG_8229-2048x1365.jpg 2048w\" sizes=\"auto, (max-width: 2560px) 100vw, 2560px\" \/><\/a><figcaption>Gespr\u00e4che vor der Kirche. \u00a9 Nico Trimmel<\/figcaption><\/figure>\n\n\n\n<figure class=\"wp-block-image size-large\"><a href=\"https:\/\/www.pfarresanktnikolaus.at\/wp\/wp-content\/uploads\/2022\/06\/IMG_8230-scaled.jpg\" data-rel=\"lightbox-gallery-UryOnrZH\" data-rl_title=\"Gespr\u00e4che vor der Kirche. \u00a9 Nico Trimmel\" data-rl_caption=\"Gespr\u00e4che vor der Kirche. \u00a9 Nico Trimmel\" title=\"Gespr\u00e4che vor der Kirche. \u00a9 Nico Trimmel\"><img loading=\"lazy\" decoding=\"async\" width=\"2560\" height=\"1707\" data-id=\"4642\" src=\"https:\/\/www.pfarresanktnikolaus.at\/wp\/wp-content\/uploads\/2022\/06\/IMG_8230-scaled.jpg\" alt=\"\" class=\"wp-image-4642\" srcset=\"https:\/\/www.pfarresanktnikolaus.at\/wp\/wp-content\/uploads\/2022\/06\/IMG_8230-scaled.jpg 2560w, https:\/\/www.pfarresanktnikolaus.at\/wp\/wp-content\/uploads\/2022\/06\/IMG_8230-300x200.jpg 300w, https:\/\/www.pfarresanktnikolaus.at\/wp\/wp-content\/uploads\/2022\/06\/IMG_8230-1024x683.jpg 1024w, https:\/\/www.pfarresanktnikolaus.at\/wp\/wp-content\/uploads\/2022\/06\/IMG_8230-768x512.jpg 768w, https:\/\/www.pfarresanktnikolaus.at\/wp\/wp-content\/uploads\/2022\/06\/IMG_8230-1536x1024.jpg 1536w, https:\/\/www.pfarresanktnikolaus.at\/wp\/wp-content\/uploads\/2022\/06\/IMG_8230-2048x1365.jpg 2048w\" sizes=\"auto, (max-width: 2560px) 100vw, 2560px\" \/><\/a><figcaption>Gespr\u00e4che vor der Kirche. \u00a9 Nico Trimmel<\/figcaption><\/figure>\n\n\n\n<figure class=\"wp-block-image size-large\"><a href=\"https:\/\/www.pfarresanktnikolaus.at\/wp\/wp-content\/uploads\/2022\/06\/MG_8266b-scaled.jpg\" data-rel=\"lightbox-gallery-UryOnrZH\" data-rl_title=\"Historischer Vortrag von Oliver Meidl: &quot;Inzersdorfer Pfarrgeschichte und Pfarrgeschichtln&quot;. \u00a9 Nico Trimmel\" data-rl_caption=\"Historischer Vortrag von Oliver Meidl: &quot;Inzersdorfer Pfarrgeschichte und Pfarrgeschichtln&quot;. \u00a9 Nico Trimmel\" title=\"Historischer Vortrag von Oliver Meidl: &quot;Inzersdorfer Pfarrgeschichte und Pfarrgeschichtln&quot;. \u00a9 Nico Trimmel\"><img loading=\"lazy\" decoding=\"async\" width=\"2560\" height=\"1707\" data-id=\"4656\" src=\"https:\/\/www.pfarresanktnikolaus.at\/wp\/wp-content\/uploads\/2022\/06\/MG_8266b-scaled.jpg\" alt=\"\" class=\"wp-image-4656\" srcset=\"https:\/\/www.pfarresanktnikolaus.at\/wp\/wp-content\/uploads\/2022\/06\/MG_8266b-scaled.jpg 2560w, https:\/\/www.pfarresanktnikolaus.at\/wp\/wp-content\/uploads\/2022\/06\/MG_8266b-300x200.jpg 300w, https:\/\/www.pfarresanktnikolaus.at\/wp\/wp-content\/uploads\/2022\/06\/MG_8266b-1024x683.jpg 1024w, https:\/\/www.pfarresanktnikolaus.at\/wp\/wp-content\/uploads\/2022\/06\/MG_8266b-768x512.jpg 768w, https:\/\/www.pfarresanktnikolaus.at\/wp\/wp-content\/uploads\/2022\/06\/MG_8266b-1536x1024.jpg 1536w, https:\/\/www.pfarresanktnikolaus.at\/wp\/wp-content\/uploads\/2022\/06\/MG_8266b-2048x1365.jpg 2048w\" sizes=\"auto, (max-width: 2560px) 100vw, 2560px\" \/><\/a><figcaption>Historischer Vortrag von Oliver Meidl: &#8222;Inzersdorfer Pfarrgeschichte\nund Pfarrgeschichtln&#8220;. \u00a9 Nico Trimmel<\/figcaption><\/figure>\n\n\n\n<figure class=\"wp-block-image size-large\"><a href=\"https:\/\/www.pfarresanktnikolaus.at\/wp\/wp-content\/uploads\/2022\/06\/Zvonkos-Fotos-1.jpg\" data-rel=\"lightbox-gallery-UryOnrZH\" data-rl_title=\"Wolfgang Chalupsky und Pfarrer Brezovski mit einer der Fotocollagen. \u00a9 Zvonko Brezovski\" data-rl_caption=\"Wolfgang Chalupsky und Pfarrer Brezovski mit einer der Fotocollagen. \u00a9 Zvonko Brezovski\" title=\"Wolfgang Chalupsky und Pfarrer Brezovski mit einer der Fotocollagen. \u00a9 Zvonko Brezovski\"><img loading=\"lazy\" decoding=\"async\" width=\"1600\" height=\"1200\" data-id=\"4665\" src=\"https:\/\/www.pfarresanktnikolaus.at\/wp\/wp-content\/uploads\/2022\/06\/Zvonkos-Fotos-1.jpg\" alt=\"\" class=\"wp-image-4665\" srcset=\"https:\/\/www.pfarresanktnikolaus.at\/wp\/wp-content\/uploads\/2022\/06\/Zvonkos-Fotos-1.jpg 1600w, https:\/\/www.pfarresanktnikolaus.at\/wp\/wp-content\/uploads\/2022\/06\/Zvonkos-Fotos-1-300x225.jpg 300w, https:\/\/www.pfarresanktnikolaus.at\/wp\/wp-content\/uploads\/2022\/06\/Zvonkos-Fotos-1-1024x768.jpg 1024w, https:\/\/www.pfarresanktnikolaus.at\/wp\/wp-content\/uploads\/2022\/06\/Zvonkos-Fotos-1-768x576.jpg 768w, https:\/\/www.pfarresanktnikolaus.at\/wp\/wp-content\/uploads\/2022\/06\/Zvonkos-Fotos-1-1536x1152.jpg 1536w\" sizes=\"auto, (max-width: 1600px) 100vw, 1600px\" \/><\/a><figcaption>Wolfgang Chalupsky und Pfarrer Brezovski mit einer der Fotocollagen. \u00a9 Zvonko Brezovski<\/figcaption><\/figure>\n\n\n\n<figure class=\"wp-block-image size-large\"><a href=\"https:\/\/www.pfarresanktnikolaus.at\/wp\/wp-content\/uploads\/2022\/06\/IMG_8268-scaled.jpg\" data-rel=\"lightbox-gallery-UryOnrZH\" data-rl_title=\"Ausstellung von CCreativeCube im Pfarrheim. \u00a9 Nico Trimmel\" data-rl_caption=\"Ausstellung von CCreativeCube im Pfarrheim. \u00a9 Nico Trimmel\" title=\"Ausstellung von CCreativeCube im Pfarrheim. \u00a9 Nico Trimmel\"><img loading=\"lazy\" decoding=\"async\" width=\"2560\" height=\"1707\" data-id=\"4661\" src=\"https:\/\/www.pfarresanktnikolaus.at\/wp\/wp-content\/uploads\/2022\/06\/IMG_8268-scaled.jpg\" alt=\"\" class=\"wp-image-4661\" srcset=\"https:\/\/www.pfarresanktnikolaus.at\/wp\/wp-content\/uploads\/2022\/06\/IMG_8268-scaled.jpg 2560w, https:\/\/www.pfarresanktnikolaus.at\/wp\/wp-content\/uploads\/2022\/06\/IMG_8268-300x200.jpg 300w, https:\/\/www.pfarresanktnikolaus.at\/wp\/wp-content\/uploads\/2022\/06\/IMG_8268-1024x683.jpg 1024w, https:\/\/www.pfarresanktnikolaus.at\/wp\/wp-content\/uploads\/2022\/06\/IMG_8268-768x512.jpg 768w, https:\/\/www.pfarresanktnikolaus.at\/wp\/wp-content\/uploads\/2022\/06\/IMG_8268-1536x1024.jpg 1536w, https:\/\/www.pfarresanktnikolaus.at\/wp\/wp-content\/uploads\/2022\/06\/IMG_8268-2048x1365.jpg 2048w\" sizes=\"auto, (max-width: 2560px) 100vw, 2560px\" \/><\/a><figcaption>Ausstellung von CCreativeCube im Pfarrheim. \u00a9 Nico Trimmel<\/figcaption><\/figure>\n\n\n\n<figure class=\"wp-block-image size-large\"><a href=\"https:\/\/www.pfarresanktnikolaus.at\/wp\/wp-content\/uploads\/2022\/06\/IMG_8208-scaled.jpg\" data-rel=\"lightbox-gallery-UryOnrZH\" data-rl_title=\"Ausstellung von CCreativeCube im Pfarrheim. \u00a9 Nico Trimmel\" data-rl_caption=\"Ausstellung von CCreativeCube im Pfarrheim. \u00a9 Nico Trimmel\" title=\"Ausstellung von CCreativeCube im Pfarrheim. \u00a9 Nico Trimmel\"><img loading=\"lazy\" decoding=\"async\" width=\"2560\" height=\"1707\" data-id=\"4636\" src=\"https:\/\/www.pfarresanktnikolaus.at\/wp\/wp-content\/uploads\/2022\/06\/IMG_8208-scaled.jpg\" alt=\"Fotocollagen an der Wand des Pfarrheims\" class=\"wp-image-4636\" srcset=\"https:\/\/www.pfarresanktnikolaus.at\/wp\/wp-content\/uploads\/2022\/06\/IMG_8208-scaled.jpg 2560w, https:\/\/www.pfarresanktnikolaus.at\/wp\/wp-content\/uploads\/2022\/06\/IMG_8208-300x200.jpg 300w, https:\/\/www.pfarresanktnikolaus.at\/wp\/wp-content\/uploads\/2022\/06\/IMG_8208-1024x683.jpg 1024w, https:\/\/www.pfarresanktnikolaus.at\/wp\/wp-content\/uploads\/2022\/06\/IMG_8208-768x512.jpg 768w, https:\/\/www.pfarresanktnikolaus.at\/wp\/wp-content\/uploads\/2022\/06\/IMG_8208-1536x1024.jpg 1536w, https:\/\/www.pfarresanktnikolaus.at\/wp\/wp-content\/uploads\/2022\/06\/IMG_8208-2048x1365.jpg 2048w\" sizes=\"auto, (max-width: 2560px) 100vw, 2560px\" \/><\/a><figcaption>Ausstellung von CCreativeCube im Pfarrheim. \u00a9 Nico Trimmel<\/figcaption><\/figure>\n\n\n\n<figure class=\"wp-block-image size-large\"><a href=\"https:\/\/www.pfarresanktnikolaus.at\/wp\/wp-content\/uploads\/2022\/06\/IMG_8212-scaled.jpg\" data-rel=\"lightbox-gallery-UryOnrZH\" data-rl_title=\"Ausstellung von CCreativeCube im Pfarrheim. \u00a9 Nico Trimmel\" data-rl_caption=\"Ausstellung von CCreativeCube im Pfarrheim. \u00a9 Nico Trimmel\" title=\"Ausstellung von CCreativeCube im Pfarrheim. \u00a9 Nico Trimmel\"><img loading=\"lazy\" decoding=\"async\" width=\"2560\" height=\"1707\" data-id=\"4635\" src=\"https:\/\/www.pfarresanktnikolaus.at\/wp\/wp-content\/uploads\/2022\/06\/IMG_8212-scaled.jpg\" alt=\"Fotocollagen an der Wand des Pfarrheims\" class=\"wp-image-4635\" srcset=\"https:\/\/www.pfarresanktnikolaus.at\/wp\/wp-content\/uploads\/2022\/06\/IMG_8212-scaled.jpg 2560w, https:\/\/www.pfarresanktnikolaus.at\/wp\/wp-content\/uploads\/2022\/06\/IMG_8212-300x200.jpg 300w, https:\/\/www.pfarresanktnikolaus.at\/wp\/wp-content\/uploads\/2022\/06\/IMG_8212-1024x683.jpg 1024w, https:\/\/www.pfarresanktnikolaus.at\/wp\/wp-content\/uploads\/2022\/06\/IMG_8212-768x512.jpg 768w, https:\/\/www.pfarresanktnikolaus.at\/wp\/wp-content\/uploads\/2022\/06\/IMG_8212-1536x1024.jpg 1536w, https:\/\/www.pfarresanktnikolaus.at\/wp\/wp-content\/uploads\/2022\/06\/IMG_8212-2048x1365.jpg 2048w\" sizes=\"auto, (max-width: 2560px) 100vw, 2560px\" \/><\/a><figcaption>Ausstellung von CCreativeCube im Pfarrheim. \u00a9 Nico Trimmel<\/figcaption><\/figure>\n\n\n\n<figure class=\"wp-block-image size-large\"><a href=\"https:\/\/www.pfarresanktnikolaus.at\/wp\/wp-content\/uploads\/2022\/06\/nico-handy-12-scaled.jpg\" data-rel=\"lightbox-gallery-UryOnrZH\" data-rl_title=\"Glockenturmf\u00fchrung mit Mario Weber. \u00a9 Nico Trimmel\" data-rl_caption=\"Glockenturmf\u00fchrung mit Mario Weber. \u00a9 Nico Trimmel\" title=\"Glockenturmf\u00fchrung mit Mario Weber. \u00a9 Nico Trimmel\"><img loading=\"lazy\" decoding=\"async\" width=\"1440\" height=\"2560\" data-id=\"4658\" src=\"https:\/\/www.pfarresanktnikolaus.at\/wp\/wp-content\/uploads\/2022\/06\/nico-handy-12-scaled.jpg\" alt=\"\" class=\"wp-image-4658\" srcset=\"https:\/\/www.pfarresanktnikolaus.at\/wp\/wp-content\/uploads\/2022\/06\/nico-handy-12-scaled.jpg 1440w, https:\/\/www.pfarresanktnikolaus.at\/wp\/wp-content\/uploads\/2022\/06\/nico-handy-12-169x300.jpg 169w, https:\/\/www.pfarresanktnikolaus.at\/wp\/wp-content\/uploads\/2022\/06\/nico-handy-12-576x1024.jpg 576w, https:\/\/www.pfarresanktnikolaus.at\/wp\/wp-content\/uploads\/2022\/06\/nico-handy-12-768x1365.jpg 768w, https:\/\/www.pfarresanktnikolaus.at\/wp\/wp-content\/uploads\/2022\/06\/nico-handy-12-864x1536.jpg 864w, https:\/\/www.pfarresanktnikolaus.at\/wp\/wp-content\/uploads\/2022\/06\/nico-handy-12-1152x2048.jpg 1152w\" sizes=\"auto, (max-width: 1440px) 100vw, 1440px\" \/><\/a><figcaption>Glockenturmf\u00fchrung mit Mario Weber. \u00a9 Nico Trimmel<\/figcaption><\/figure>\n\n\n\n<figure class=\"wp-block-image size-large\"><a href=\"https:\/\/www.pfarresanktnikolaus.at\/wp\/wp-content\/uploads\/2022\/06\/nico-handy-14b-scaled.jpg\" data-rel=\"lightbox-gallery-UryOnrZH\" data-rl_title=\"Glockenturmf\u00fchrung mit Mario Weber. \u00a9 Nico Trimmel\" data-rl_caption=\"Glockenturmf\u00fchrung mit Mario Weber. \u00a9 Nico Trimmel\" title=\"Glockenturmf\u00fchrung mit Mario Weber. \u00a9 Nico Trimmel\"><img loading=\"lazy\" decoding=\"async\" width=\"2560\" height=\"1440\" data-id=\"4660\" src=\"https:\/\/www.pfarresanktnikolaus.at\/wp\/wp-content\/uploads\/2022\/06\/nico-handy-14b-scaled.jpg\" alt=\"\" class=\"wp-image-4660\" srcset=\"https:\/\/www.pfarresanktnikolaus.at\/wp\/wp-content\/uploads\/2022\/06\/nico-handy-14b-scaled.jpg 2560w, https:\/\/www.pfarresanktnikolaus.at\/wp\/wp-content\/uploads\/2022\/06\/nico-handy-14b-300x169.jpg 300w, https:\/\/www.pfarresanktnikolaus.at\/wp\/wp-content\/uploads\/2022\/06\/nico-handy-14b-1024x576.jpg 1024w, https:\/\/www.pfarresanktnikolaus.at\/wp\/wp-content\/uploads\/2022\/06\/nico-handy-14b-768x432.jpg 768w, https:\/\/www.pfarresanktnikolaus.at\/wp\/wp-content\/uploads\/2022\/06\/nico-handy-14b-1536x864.jpg 1536w, https:\/\/www.pfarresanktnikolaus.at\/wp\/wp-content\/uploads\/2022\/06\/nico-handy-14b-2048x1152.jpg 2048w\" sizes=\"auto, (max-width: 2560px) 100vw, 2560px\" \/><\/a><figcaption>Glockenturmf\u00fchrung mit Mario Weber. \u00a9 Nico Trimmel<\/figcaption><\/figure>\n\n\n\n<figure class=\"wp-block-image size-large\"><a href=\"https:\/\/www.pfarresanktnikolaus.at\/wp\/wp-content\/uploads\/2022\/06\/nico-handy-8-scaled.jpg\" data-rel=\"lightbox-gallery-UryOnrZH\" data-rl_title=\"Besucher der Langen Nacht lernen Line Dance: &quot;Im Tanz Gott loben&quot;. \u00a9 Nico Trimmel\" data-rl_caption=\"Besucher der Langen Nacht lernen Line Dance: &quot;Im Tanz Gott loben&quot;. \u00a9 Nico Trimmel\" title=\"Besucher der Langen Nacht lernen Line Dance: &quot;Im Tanz Gott loben&quot;. \u00a9 Nico Trimmel\"><img loading=\"lazy\" decoding=\"async\" width=\"2560\" height=\"1440\" data-id=\"4657\" src=\"https:\/\/www.pfarresanktnikolaus.at\/wp\/wp-content\/uploads\/2022\/06\/nico-handy-8-scaled.jpg\" alt=\"\" class=\"wp-image-4657\" srcset=\"https:\/\/www.pfarresanktnikolaus.at\/wp\/wp-content\/uploads\/2022\/06\/nico-handy-8-scaled.jpg 2560w, https:\/\/www.pfarresanktnikolaus.at\/wp\/wp-content\/uploads\/2022\/06\/nico-handy-8-300x169.jpg 300w, https:\/\/www.pfarresanktnikolaus.at\/wp\/wp-content\/uploads\/2022\/06\/nico-handy-8-1024x576.jpg 1024w, https:\/\/www.pfarresanktnikolaus.at\/wp\/wp-content\/uploads\/2022\/06\/nico-handy-8-768x432.jpg 768w, https:\/\/www.pfarresanktnikolaus.at\/wp\/wp-content\/uploads\/2022\/06\/nico-handy-8-1536x864.jpg 1536w, https:\/\/www.pfarresanktnikolaus.at\/wp\/wp-content\/uploads\/2022\/06\/nico-handy-8-2048x1152.jpg 2048w\" sizes=\"auto, (max-width: 2560px) 100vw, 2560px\" \/><\/a><figcaption>Besucher der Langen Nacht lernen Line Dance: &#8222;Im Tanz Gott loben&#8220;. \u00a9 Nico Trimmel<\/figcaption><\/figure>\n\n\n\n<figure class=\"wp-block-image size-large\"><a href=\"https:\/\/www.pfarresanktnikolaus.at\/wp\/wp-content\/uploads\/2022\/06\/IMG_8274-scaled.jpg\" data-rel=\"lightbox-gallery-UryOnrZH\" data-rl_title=\"Vortrag von Manuel Wolkowitsch zu Livestreams in der Pandemie - &quot;die Hoppalas und Gl\u00fccksmomente&quot;. \u00a9 Nico Trimmel\" data-rl_caption=\"Vortrag von Manuel Wolkowitsch zu Livestreams in der Pandemie - &quot;die Hoppalas und Gl\u00fccksmomente&quot;. \u00a9 Nico Trimmel\" title=\"Vortrag von Manuel Wolkowitsch zu Livestreams in der Pandemie - &quot;die Hoppalas und Gl\u00fccksmomente&quot;. \u00a9 Nico Trimmel\"><img loading=\"lazy\" decoding=\"async\" width=\"2560\" height=\"1707\" data-id=\"4662\" src=\"https:\/\/www.pfarresanktnikolaus.at\/wp\/wp-content\/uploads\/2022\/06\/IMG_8274-scaled.jpg\" alt=\"\" class=\"wp-image-4662\" srcset=\"https:\/\/www.pfarresanktnikolaus.at\/wp\/wp-content\/uploads\/2022\/06\/IMG_8274-scaled.jpg 2560w, https:\/\/www.pfarresanktnikolaus.at\/wp\/wp-content\/uploads\/2022\/06\/IMG_8274-300x200.jpg 300w, https:\/\/www.pfarresanktnikolaus.at\/wp\/wp-content\/uploads\/2022\/06\/IMG_8274-1024x683.jpg 1024w, https:\/\/www.pfarresanktnikolaus.at\/wp\/wp-content\/uploads\/2022\/06\/IMG_8274-768x512.jpg 768w, https:\/\/www.pfarresanktnikolaus.at\/wp\/wp-content\/uploads\/2022\/06\/IMG_8274-1536x1024.jpg 1536w, https:\/\/www.pfarresanktnikolaus.at\/wp\/wp-content\/uploads\/2022\/06\/IMG_8274-2048x1365.jpg 2048w\" sizes=\"auto, (max-width: 2560px) 100vw, 2560px\" \/><\/a><figcaption>Vortrag von Manuel Wolkowitsch zu Livestreams in der Pandemie &#8211; &#8222;die Hoppalas und Gl\u00fccksmomente&#8220;. \u00a9 Nico Trimmel<\/figcaption><\/figure>\n\n\n\n<figure class=\"wp-block-image size-large\"><a href=\"https:\/\/www.pfarresanktnikolaus.at\/wp\/wp-content\/uploads\/2022\/06\/IMG_8276-scaled.jpg\" data-rel=\"lightbox-gallery-UryOnrZH\" data-rl_title=\"Vortrag von Manuel Wolkowitsch zu Livestreams in der Pandemie - &quot;die Hoppalas und Gl\u00fccksmomente&quot;. \u00a9 Nico Trimmel\" data-rl_caption=\"Vortrag von Manuel Wolkowitsch zu Livestreams in der Pandemie - &quot;die Hoppalas und Gl\u00fccksmomente&quot;. \u00a9 Nico Trimmel\" title=\"Vortrag von Manuel Wolkowitsch zu Livestreams in der Pandemie - &quot;die Hoppalas und Gl\u00fccksmomente&quot;. \u00a9 Nico Trimmel\"><img loading=\"lazy\" decoding=\"async\" width=\"2560\" height=\"1707\" data-id=\"4663\" src=\"https:\/\/www.pfarresanktnikolaus.at\/wp\/wp-content\/uploads\/2022\/06\/IMG_8276-scaled.jpg\" alt=\"\" class=\"wp-image-4663\" srcset=\"https:\/\/www.pfarresanktnikolaus.at\/wp\/wp-content\/uploads\/2022\/06\/IMG_8276-scaled.jpg 2560w, https:\/\/www.pfarresanktnikolaus.at\/wp\/wp-content\/uploads\/2022\/06\/IMG_8276-300x200.jpg 300w, https:\/\/www.pfarresanktnikolaus.at\/wp\/wp-content\/uploads\/2022\/06\/IMG_8276-1024x683.jpg 1024w, https:\/\/www.pfarresanktnikolaus.at\/wp\/wp-content\/uploads\/2022\/06\/IMG_8276-768x512.jpg 768w, https:\/\/www.pfarresanktnikolaus.at\/wp\/wp-content\/uploads\/2022\/06\/IMG_8276-1536x1024.jpg 1536w, https:\/\/www.pfarresanktnikolaus.at\/wp\/wp-content\/uploads\/2022\/06\/IMG_8276-2048x1365.jpg 2048w\" sizes=\"auto, (max-width: 2560px) 100vw, 2560px\" \/><\/a><figcaption>Vortrag von Manuel Wolkowitsch zu Livestreams in der Pandemie &#8211; &#8222;die Hoppalas und Gl\u00fccksmomente&#8220;. \u00a9 Nico Trimmel<\/figcaption><\/figure>\n\n\n\n<figure class=\"wp-block-image size-large\"><a href=\"https:\/\/www.pfarresanktnikolaus.at\/wp\/wp-content\/uploads\/2022\/06\/Zvonkos-Fotos-6.jpg\" data-rel=\"lightbox-gallery-UryOnrZH\" data-rl_title=\"\u00a9 Zvonko Brezovski\" data-rl_caption=\"\u00a9 Zvonko Brezovski\" title=\"\u00a9 Zvonko Brezovski\"><img loading=\"lazy\" decoding=\"async\" width=\"1600\" height=\"1200\" data-id=\"4664\" src=\"https:\/\/www.pfarresanktnikolaus.at\/wp\/wp-content\/uploads\/2022\/06\/Zvonkos-Fotos-6.jpg\" alt=\"\" class=\"wp-image-4664\" srcset=\"https:\/\/www.pfarresanktnikolaus.at\/wp\/wp-content\/uploads\/2022\/06\/Zvonkos-Fotos-6.jpg 1600w, https:\/\/www.pfarresanktnikolaus.at\/wp\/wp-content\/uploads\/2022\/06\/Zvonkos-Fotos-6-300x225.jpg 300w, https:\/\/www.pfarresanktnikolaus.at\/wp\/wp-content\/uploads\/2022\/06\/Zvonkos-Fotos-6-1024x768.jpg 1024w, https:\/\/www.pfarresanktnikolaus.at\/wp\/wp-content\/uploads\/2022\/06\/Zvonkos-Fotos-6-768x576.jpg 768w, https:\/\/www.pfarresanktnikolaus.at\/wp\/wp-content\/uploads\/2022\/06\/Zvonkos-Fotos-6-1536x1152.jpg 1536w\" sizes=\"auto, (max-width: 1600px) 100vw, 1600px\" \/><\/a><figcaption>\u00a9 Zvonko Brezovski<\/figcaption><\/figure>\n<\/figure>\n\n\n\n<p class=\"wp-block-paragraph\">Das Programm inklusive Uhrzeiten finden Sie in <a href=\"https:\/\/eni.wien\/termine?q=Lange+Nacht+der+Kirchen\" data-type=\"URL\" data-id=\"https:\/\/eni.wien\/termine?q=Lange+Nacht+der+Kirchen\" target=\"_blank\" rel=\"noreferrer noopener\">unserem Terminkalender<\/a><\/p>\n","protected":false},"excerpt":{"rendered":"<p>Am 10. Juni 2022 fand wieder die Lange Nacht der Kirchen statt. Gemeinsam mit unseren Partnerpfarren Emmaus am Wienerberg und Inzersdorf-Neustift konnten wir: die Kinder in die Nacht einsteigen lassen [&hellip;]<\/p>\n","protected":false},"author":6,"featured_media":3301,"comment_status":"open","ping_status":"open","sticky":false,"template":"","format":"standard","meta":{"inline_featured_image":false,"footnotes":""},"categories":[1],"tags":[],"class_list":["post-4619","post","type-post","status-publish","format-standard","has-post-thumbnail","hentry","category-pfarrleben"],"_links":{"self":[{"href":"https:\/\/www.pfarresanktnikolaus.at\/wp\/index.php?rest_route=\/wp\/v2\/posts\/4619","targetHints":{"allow":["GET"]}}],"collection":[{"href":"https:\/\/www.pfarresanktnikolaus.at\/wp\/index.php?rest_route=\/wp\/v2\/posts"}],"about":[{"href":"https:\/\/www.pfarresanktnikolaus.at\/wp\/index.php?rest_route=\/wp\/v2\/types\/post"}],"author":[{"embeddable":true,"href":"https:\/\/www.pfarresanktnikolaus.at\/wp\/index.php?rest_route=\/wp\/v2\/users\/6"}],"replies":[{"embeddable":true,"href":"https:\/\/www.pfarresanktnikolaus.at\/wp\/index.php?rest_route=%2Fwp%2Fv2%2Fcomments&post=4619"}],"version-history":[{"count":4,"href":"https:\/\/www.pfarresanktnikolaus.at\/wp\/index.php?rest_route=\/wp\/v2\/posts\/4619\/revisions"}],"predecessor-version":[{"id":4668,"href":"https:\/\/www.pfarresanktnikolaus.at\/wp\/index.php?rest_route=\/wp\/v2\/posts\/4619\/revisions\/4668"}],"wp:featuredmedia":[{"embeddable":true,"href":"https:\/\/www.pfarresanktnikolaus.at\/wp\/index.php?rest_route=\/wp\/v2\/media\/3301"}],"wp:attachment":[{"href":"https:\/\/www.pfarresanktnikolaus.at\/wp\/index.php?rest_route=%2Fwp%2Fv2%2Fmedia&parent=4619"}],"wp:term":[{"taxonomy":"category","embeddable":true,"href":"https:\/\/www.pfarresanktnikolaus.at\/wp\/index.php?rest_route=%2Fwp%2Fv2%2Fcategories&post=4619"},{"taxonomy":"post_tag","embeddable":true,"href":"https:\/\/www.pfarresanktnikolaus.at\/wp\/index.php?rest_route=%2Fwp%2Fv2%2Ftags&post=4619"}],"curies":[{"name":"wp","href":"https:\/\/api.w.org\/{rel}","templated":true}]}}