{"id":1779,"date":"2020-06-02T16:16:47","date_gmt":"2020-06-02T14:16:47","guid":{"rendered":"https:\/\/www.pfarresanktnikolaus.at\/wp\/?p=1779"},"modified":"2020-11-15T16:06:29","modified_gmt":"2020-11-15T15:06:29","slug":"worte-zu-pfingsten","status":"publish","type":"post","link":"https:\/\/www.pfarresanktnikolaus.at\/wp\/?p=1779","title":{"rendered":"Worte zu Pfingsten"},"content":{"rendered":"\n<p>Liebes Pfarrgemeinde-Mitglied!<\/p>\n\n\n\n<p>Beim Betreten der Kirche f\u00e4llt auf, dass die Fasten-bzw. Corona-Mauer weg ist. Gerade zu Pfingsten ist dies ein sch\u00f6nes Zeichen daf\u00fcr, dass der Heilige Geist Grenzen und Mauern wegfegt.<\/p>\n\n\n\n<p>Unsere Mauern des Misstrauens gegen\u00fcber Gott und den Mitmenschen, der Angst und Vorurteile fallen hoffentlich durch das Wirken des Heiligen Geistes auch in uns zusammen.<\/p>\n\n\n\n<p>Es \u00f6ffnet sich eine weite Zukunft. Das w\u00fcnsche ich Ihnen und Dir f\u00fcr dieses Pfingstfest.<\/p>\n\n\n\n<p>Ihr\/Dein Pfarrer Nikolaus<\/p>\n","protected":false},"excerpt":{"rendered":"<p>Pfarrer Nikolaus Zvonarich schreibt in diesem kurzen Text \u00fcber den Heiligen Geist und Mauern.<\/p>\n","protected":false},"author":1,"featured_media":1938,"comment_status":"closed","ping_status":"closed","sticky":false,"template":"","format":"standard","meta":{"inline_featured_image":false,"footnotes":""},"categories":[1],"tags":[],"class_list":["post-1779","post","type-post","status-publish","format-standard","has-post-thumbnail","hentry","category-pfarrleben"],"_links":{"self":[{"href":"https:\/\/www.pfarresanktnikolaus.at\/wp\/index.php?rest_route=\/wp\/v2\/posts\/1779","targetHints":{"allow":["GET"]}}],"collection":[{"href":"https:\/\/www.pfarresanktnikolaus.at\/wp\/index.php?rest_route=\/wp\/v2\/posts"}],"about":[{"href":"https:\/\/www.pfarresanktnikolaus.at\/wp\/index.php?rest_route=\/wp\/v2\/types\/post"}],"author":[{"embeddable":true,"href":"https:\/\/www.pfarresanktnikolaus.at\/wp\/index.php?rest_route=\/wp\/v2\/users\/1"}],"replies":[{"embeddable":true,"href":"https:\/\/www.pfarresanktnikolaus.at\/wp\/index.php?rest_route=%2Fwp%2Fv2%2Fcomments&post=1779"}],"version-history":[{"count":2,"href":"https:\/\/www.pfarresanktnikolaus.at\/wp\/index.php?rest_route=\/wp\/v2\/posts\/1779\/revisions"}],"predecessor-version":[{"id":1781,"href":"https:\/\/www.pfarresanktnikolaus.at\/wp\/index.php?rest_route=\/wp\/v2\/posts\/1779\/revisions\/1781"}],"wp:featuredmedia":[{"embeddable":true,"href":"https:\/\/www.pfarresanktnikolaus.at\/wp\/index.php?rest_route=\/wp\/v2\/media\/1938"}],"wp:attachment":[{"href":"https:\/\/www.pfarresanktnikolaus.at\/wp\/index.php?rest_route=%2Fwp%2Fv2%2Fmedia&parent=1779"}],"wp:term":[{"taxonomy":"category","embeddable":true,"href":"https:\/\/www.pfarresanktnikolaus.at\/wp\/index.php?rest_route=%2Fwp%2Fv2%2Fcategories&post=1779"},{"taxonomy":"post_tag","embeddable":true,"href":"https:\/\/www.pfarresanktnikolaus.at\/wp\/index.php?rest_route=%2Fwp%2Fv2%2Ftags&post=1779"}],"curies":[{"name":"wp","href":"https:\/\/api.w.org\/{rel}","templated":true}]}}